{"id":357,"date":"2016-08-16T19:44:36","date_gmt":"2016-08-16T22:44:36","guid":{"rendered":"http:\/\/educaciondeadultos.cl\/web\/2016\/08\/16\/programa-general-congreso-educacion-cultura-y-trabajo-en-contexto-de-encierro\/"},"modified":"2016-08-16T19:44:36","modified_gmt":"2016-08-16T22:44:36","slug":"programa-general-congreso-educacion-cultura-y-trabajo-en-contexto-de-encierro","status":"publish","type":"post","link":"http:\/\/educaciondeadultos.cl\/web\/2016\/08\/16\/programa-general-congreso-educacion-cultura-y-trabajo-en-contexto-de-encierro\/","title":{"rendered":"PROGRAMA GENERAL. \u201cCONGRESO EDUCACI\u00d3N, CULTURA Y TRABAJO EN CONTEXTO DE ENCIERRO\u201d"},"content":{"rendered":"<p><img loading=\"lazy\" decoding=\"async\" class=\" size-full wp-image-356\" src=\"http:\/\/educaciondeadultos.cl\/web\/wp-content\/uploads\/2016\/08\/6510c214cccfaeb0da17896ee0ad9aa8.jpg\" alt=\"\" width=\"621\" height=\"960\" srcset=\"http:\/\/educaciondeadultos.cl\/web\/wp-content\/uploads\/2016\/08\/6510c214cccfaeb0da17896ee0ad9aa8.jpg 621w, http:\/\/educaciondeadultos.cl\/web\/wp-content\/uploads\/2016\/08\/6510c214cccfaeb0da17896ee0ad9aa8-194x300.jpg 194w\" sizes=\"auto, (max-width: 621px) 100vw, 621px\" \/><\/p>\n<div class=\"_2cuy _3dgx _2vxa\"><img loading=\"lazy\" decoding=\"async\" class=\" alignright size-full wp-image-344\" src=\"http:\/\/educaciondeadultos.cl\/web\/wp-content\/uploads\/2016\/08\/afiche2.jpg\" border=\"0\" alt=\"\" width=\"546\" height=\"845\" style=\"float: right;\" \/><span style=\"font-family: verdana, geneva; font-size: small; color: #000000;\"><strong>Jueves 18 de agosto 2016<\/strong><\/span><\/div>\n<div class=\"_2cuy _3dgx _2vxa\"><span style=\"font-family: verdana, geneva; font-size: small; color: #000000;\">\u00a0<\/span><\/div>\n<div class=\"_2cuy _3dgx _2vxa\"><span style=\"font-family: verdana, geneva; font-size: small; color: #000000;\"><strong>Horario Actividad<\/strong><\/span><\/div>\n<div class=\"_2cuy _3dgx _2vxa\"><span style=\"color: #000000; font-family: verdana, geneva; font-size: small;\">\u00a0<\/span><\/div>\n<div class=\"_2cuy _3dgx _2vxa\"><span style=\"color: #000000; font-family: verdana, geneva; font-size: small;\">08:30 hrs \u2013 09:00 hrs. Recepci\u00f3n<\/span><\/div>\n<div class=\"_2cuy _3dgx _2vxa\"><span style=\"font-family: verdana, geneva; font-size: small; color: #000000;\">\u00a0<\/span><\/div>\n<div class=\"_2cuy _3dgx _2vxa\"><span style=\"font-family: verdana, geneva; font-size: small; color: #000000;\">09:00 hrs \u2013 10:00 hrs. Inauguraci\u00f3n, saludo autoridades: N\u00famero art\u00edstico: Ensamble Latinoamericano \u2013 Abya Yala.\u00a0<\/span><\/div>\n<div class=\"_2cuy _3dgx _2vxa\"><span style=\"font-family: verdana, geneva; font-size: small; color: #000000;\">\u00a0<\/span><\/div>\n<div class=\"_2cuy _3dgx _2vxa\"><span style=\"color: #000000; font-family: verdana, geneva; font-size: small;\">10:00 hrs \u2013 11:15 hrs. Panel: Nacional e Internacional sobre Pol\u00edticas Gubernamentales Educaci\u00f3n, Cultura y Trabajo en Contexto de Encierro Exponen: &#8211; Mar\u00eda Isabel Infante \u2013 Coordinadora Nacional de Personas J\u00f3venes y Adultas, Ministerio de Educaci\u00f3n. &#8211; Alejandro Ar\u00e9valo S. &#8211; Jefe Departamento de Reinserci\u00f3n Social Sistema Cerrado, Direcci\u00f3n Nacional Gendarmer\u00eda de Chile. &#8211; Francisco Scarf\u00f3 &#8211; Grupo de Estudio Sobre Educaci\u00f3n en C\u00e1rceles de la Ciudad de la Plata, Argentina. <\/span><\/div>\n<div class=\"_2cuy _3dgx _2vxa\"><span style=\"font-family: verdana, geneva; font-size: small; color: #000000;\">\u00a0<\/span><\/div>\n<div class=\"_2cuy _3dgx _2vxa\"><span style=\"color: #000000; font-family: verdana, geneva; font-size: small;\">11:15 hrs \u2013 11:45 hrs. Coffee Break <\/span><\/div>\n<div class=\"_2cuy _3dgx _2vxa\"><span style=\"font-family: verdana, geneva; font-size: small; color: #000000;\">\u00a0<\/span><\/div>\n<div class=\"_2cuy _3dgx _2vxa\"><span style=\"font-family: verdana, geneva; font-size: small; color: #000000;\"><strong>Presentaci\u00f3n Stand por Instituci\u00f3n<\/strong>\u00a0<\/span><\/div>\n<div class=\"_2cuy _3dgx _2vxa\"><span style=\"font-family: verdana, geneva; font-size: small; color: #000000;\">\u00a0<\/span><\/div>\n<div class=\"_2cuy _3dgx _2vxa\"><span style=\"font-family: verdana, geneva; font-size: small; color: #000000;\">11:45 hrs \u2013 13:00 hrs Trabajo Mesas Tem\u00e1ticas<\/span><\/div>\n<div class=\"_2cuy _3dgx _2vxa\"><span style=\"font-family: verdana, geneva; font-size: small; color: #000000;\">\u00a0<\/span><\/div>\n<div class=\"_2cuy _3dgx _2vxa\"><span style=\"font-family: verdana, geneva; font-size: small; color: #000000;\"> 13:00 hrs \u2013 14:15 hrs. Almuerzo\u00a0<\/span><\/div>\n<div class=\"_2cuy _3dgx _2vxa\"><span style=\"font-family: verdana, geneva; font-size: small; color: #000000;\">\u00a0<\/span><\/div>\n<div class=\"_2cuy _3dgx _2vxa\"><span style=\"font-family: verdana, geneva; font-size: small; color: #000000;\">14:30 hrs \u2013\u00a0<span style=\"line-height: 1.3em;\">16:00 hrs. Trabajo Mesas Tem\u00e1ticas<\/span><\/span><\/div>\n<div class=\"_2cuy _3dgx _2vxa\"><span style=\"font-family: verdana, geneva; font-size: small; color: #000000;\">\u00a0<\/span><\/div>\n<div class=\"_2cuy _3dgx _2vxa\"><span style=\"color: #000000; font-size: small; line-height: 1.3em; font-family: verdana, geneva;\"> 16:00 hrs &#8211; 16:15. hrs. Coffee Break <\/span><\/div>\n<div class=\"_2cuy _3dgx _2vxa\"><span style=\"font-family: verdana, geneva; font-size: small; color: #000000;\">\u00a0<\/span><\/div>\n<div class=\"_2cuy _3dgx _2vxa\"><span style=\"color: #000000; font-size: small; line-height: 1.3em; font-family: verdana, geneva;\">16:15 hrs \u2013 17:30 hrs. Trabajo Mesas Tem\u00e1ticas y Cierre de Jornada \u201cCONGRESO DE EDUCACI\u00d3N, CULTURA Y TRABAJO EN CONTEXTO DE ENCIERRO\u201d <\/span><\/div>\n<div class=\"_2cuy _3dgx _2vxa\">\u00a0<\/div>\n<div class=\"_2cuy _3dgx _2vxa\"><span style=\"font-family: verdana, geneva; font-size: small; color: #000000;\"><strong><span style=\"line-height: 1.3em;\">Viernes 19 de agosto 2016<\/span><\/strong><\/span><\/div>\n<div class=\"_2cuy _3dgx _2vxa\"><span style=\"font-family: verdana, geneva; font-size: small; color: #000000;\">\u00a0<\/span><\/div>\n<div class=\"_2cuy _3dgx _2vxa\"><span style=\"font-family: verdana, geneva; font-size: small; color: #000000;\"><span style=\"line-height: 1.3em;\"> 08:30 hrs \u2013 09:00 hrs. Recepci\u00f3n<\/span>\u00a0<\/span><\/div>\n<div class=\"_2cuy _3dgx _2vxa\"><span style=\"font-family: verdana, geneva; font-size: small; color: #000000;\">\u00a0<\/span><\/div>\n<div class=\"_2cuy _3dgx _2vxa\"><span style=\"font-family: verdana, geneva; font-size: small; color: #000000;\"><span style=\"line-height: 1.3em;\">09:00 hrs \u2013 10:15 hrs. Panel: Nacional e Internacional sobre Experiencia en Educaci\u00f3n, Cultura y Trabajo en Contexto de Encierro. Exponen: &#8211; Kar\u00edn Eggers \u2013 Gerente Sustentabilidad Komatsu Latinoam\u00e9rica. &#8211; Elionado Fernandes \u2013 Universidad Federal Fluminense, Brasil. &#8211; Anal\u00eda Umpierrez \u2013Universidad Nacional del Centro de la Provincia de Buenos Aires, Argentina.<\/span>\u00a0<\/span><\/div>\n<div class=\"_2cuy _3dgx _2vxa\"><span style=\"font-family: verdana, geneva; font-size: small; color: #000000;\">\u00a0<\/span><\/div>\n<div class=\"_2cuy _3dgx _2vxa\"><span style=\"font-size: small; line-height: 1.3em; font-family: verdana, geneva; color: #000000;\">10:55 hrs \u2013 11:25 hrs. Coffee Break<\/span><\/div>\n<div class=\"_2cuy _3dgx _2vxa\"><span style=\"font-family: verdana, geneva; font-size: small; color: #000000;\">\u00a0<\/span><\/div>\n<div class=\"_2cuy _3dgx _2vxa\"><span style=\"font-family: verdana, geneva; font-size: small; color: #000000;\"><span style=\"line-height: 1.3em;\"> 11:25 hrs \u2013 13:00 hrs. Desarrollo y cierre Mesas Tem\u00e1ticas<\/span>\u00a0<\/span><\/div>\n<div class=\"_2cuy _3dgx _2vxa\"><span style=\"font-family: verdana, geneva; font-size: small; color: #000000;\">\u00a0<\/span><\/div>\n<div class=\"_2cuy _3dgx _2vxa\"><span style=\"font-family: verdana, geneva; font-size: small; color: #000000;\"><span style=\"line-height: 1.3em;\">13:00 hrs \u2013 14:15 hrs. Almuerzo libre<\/span>\u00a0<\/span><\/div>\n<div class=\"_2cuy _3dgx _2vxa\"><span style=\"font-family: verdana, geneva; font-size: small; color: #000000;\">\u00a0<\/span><\/div>\n<div class=\"_2cuy _3dgx _2vxa\"><span style=\"font-family: verdana, geneva; font-size: small; color: #000000;\"><span style=\"line-height: 1.3em;\">14:30 hrs \u2013 15:30 hrs. Primera Parte Presentaci\u00f3n Mesas Tem\u00e1ticas<\/span>\u00a0<\/span><\/div>\n<div class=\"_2cuy _3dgx _2vxa\"><span style=\"font-family: verdana, geneva; font-size: small; color: #000000;\">\u00a0<\/span><\/div>\n<div class=\"_2cuy _3dgx _2vxa\"><span style=\"font-size: small; line-height: 1.3em; font-family: verdana, geneva; color: #000000;\">15:30 hrs &#8211; 15:45 hrs. Coffee Break<\/span><\/div>\n<div class=\"_2cuy _3dgx _2vxa\"><span style=\"font-family: verdana, geneva; font-size: small; color: #000000;\">\u00a0<\/span><\/div>\n<div class=\"_2cuy _3dgx _2vxa\"><span style=\"font-size: small; line-height: 1.3em; font-family: verdana, geneva; color: #000000;\">15:45 hrs \u2013 16:30 hrs. Segunda Parte de Presentaci\u00f3n Mesas Tem\u00e1ticas<\/span><\/div>\n<div class=\"_2cuy _3dgx _2vxa\"><span style=\"font-family: verdana, geneva; font-size: small; color: #000000;\">\u00a0<\/span><\/div>\n<div class=\"_2cuy _3dgx _2vxa\"><span style=\"font-family: verdana, geneva; font-size: small; color: #000000;\"><span style=\"line-height: 1.3em;\">16:30 hrs. \u2013 18:00 hrs. Reconocimiento participantes. Palabras de cierre autoridades.<\/span>\u00a0<\/span><\/div>\n<div class=\"_2cuy _3dgx _2vxa\"><span style=\"font-family: verdana, geneva; font-size: small; color: #000000;\">\u00a0<\/span><\/div>\n<div class=\"_2cuy _3dgx _2vxa\">\u00a0<\/div>\n<div class=\"_2cuy _3dgx _2vxa\"><span style=\"color: #000000;\">Edici\u00f3n web. 16 de agosto 2016.<\/span><\/div>\n","protected":false},"excerpt":{"rendered":"<p>Jueves 18 de agosto 2016 \u00a0 Horario Actividad \u00a0 08:30 hrs \u2013 09:00 hrs. Recepci\u00f3n \u00a0 09:00 hrs \u2013 10:00 hrs. Inauguraci\u00f3n, saludo autoridades: N\u00famero art\u00edstico: Ensamble Latinoamericano \u2013 Abya Yala.\u00a0 \u00a0 10:00 hrs \u2013 11:15 hrs. Panel: Nacional e Internacional sobre Pol\u00edticas Gubernamentales Educaci\u00f3n, Cultura y Trabajo en Contexto de Encierro Exponen: &#8211; Mar\u00eda [&hellip;]<\/p>\n","protected":false},"author":1,"featured_media":356,"comment_status":"closed","ping_status":"closed","sticky":false,"template":"","format":"standard","meta":{"_et_pb_use_builder":"","_et_pb_old_content":"","_et_gb_content_width":"","_oasis_is_in_workflow":0,"_oasis_original":0,"footnotes":""},"categories":[45],"tags":[],"class_list":["post-357","post","type-post","status-publish","format-standard","has-post-thumbnail","hentry","category-event"],"_links":{"self":[{"href":"http:\/\/educaciondeadultos.cl\/web\/wp-json\/wp\/v2\/posts\/357","targetHints":{"allow":["GET"]}}],"collection":[{"href":"http:\/\/educaciondeadultos.cl\/web\/wp-json\/wp\/v2\/posts"}],"about":[{"href":"http:\/\/educaciondeadultos.cl\/web\/wp-json\/wp\/v2\/types\/post"}],"author":[{"embeddable":true,"href":"http:\/\/educaciondeadultos.cl\/web\/wp-json\/wp\/v2\/users\/1"}],"replies":[{"embeddable":true,"href":"http:\/\/educaciondeadultos.cl\/web\/wp-json\/wp\/v2\/comments?post=357"}],"version-history":[{"count":0,"href":"http:\/\/educaciondeadultos.cl\/web\/wp-json\/wp\/v2\/posts\/357\/revisions"}],"wp:featuredmedia":[{"embeddable":true,"href":"http:\/\/educaciondeadultos.cl\/web\/wp-json\/wp\/v2\/media\/356"}],"wp:attachment":[{"href":"http:\/\/educaciondeadultos.cl\/web\/wp-json\/wp\/v2\/media?parent=357"}],"wp:term":[{"taxonomy":"category","embeddable":true,"href":"http:\/\/educaciondeadultos.cl\/web\/wp-json\/wp\/v2\/categories?post=357"},{"taxonomy":"post_tag","embeddable":true,"href":"http:\/\/educaciondeadultos.cl\/web\/wp-json\/wp\/v2\/tags?post=357"}],"curies":[{"name":"wp","href":"https:\/\/api.w.org\/{rel}","templated":true}]}}