{"id":355,"date":"2016-08-09T17:16:17","date_gmt":"2016-08-09T21:16:17","guid":{"rendered":"http:\/\/educaciondeadultos.cl\/web\/2016\/08\/09\/visita-a-ex-carcel-contempla-congreso-educacion-cultura-y-trabajo-en-contexto-de-encierro\/"},"modified":"2016-08-09T17:16:17","modified_gmt":"2016-08-09T21:16:17","slug":"visita-a-ex-carcel-contempla-congreso-educacion-cultura-y-trabajo-en-contexto-de-encierro","status":"publish","type":"post","link":"http:\/\/educaciondeadultos.cl\/web\/2016\/08\/09\/visita-a-ex-carcel-contempla-congreso-educacion-cultura-y-trabajo-en-contexto-de-encierro\/","title":{"rendered":"Visita a ex C\u00e1rcel P\u00fablica contempla Congreso Educaci\u00f3n, cultura y trabajo en contexto de encierro"},"content":{"rendered":"<p><img loading=\"lazy\" decoding=\"async\" class=\" size-full wp-image-353\" src=\"http:\/\/educaciondeadultos.cl\/web\/wp-content\/uploads\/2016\/08\/ec4ce48d17b0bda36087b2cf3d86aa55.jpg\" alt=\"\" width=\"900\" height=\"600\" srcset=\"http:\/\/educaciondeadultos.cl\/web\/wp-content\/uploads\/2016\/08\/ec4ce48d17b0bda36087b2cf3d86aa55.jpg 900w, http:\/\/educaciondeadultos.cl\/web\/wp-content\/uploads\/2016\/08\/ec4ce48d17b0bda36087b2cf3d86aa55-300x200.jpg 300w, http:\/\/educaciondeadultos.cl\/web\/wp-content\/uploads\/2016\/08\/ec4ce48d17b0bda36087b2cf3d86aa55-768x512.jpg 768w\" sizes=\"auto, (max-width: 900px) 100vw, 900px\" \/><\/p>\n<p><img loading=\"lazy\" decoding=\"async\" class=\" alignright size-full wp-image-354\" src=\"http:\/\/educaciondeadultos.cl\/web\/wp-content\/uploads\/2016\/08\/pcdv-9.jpg\" border=\"0\" alt=\"\" width=\"563\" height=\"375\" style=\"float: right;\" srcset=\"http:\/\/educaciondeadultos.cl\/web\/wp-content\/uploads\/2016\/08\/pcdv-9.jpg 900w, http:\/\/educaciondeadultos.cl\/web\/wp-content\/uploads\/2016\/08\/pcdv-9-300x200.jpg 300w, http:\/\/educaciondeadultos.cl\/web\/wp-content\/uploads\/2016\/08\/pcdv-9-768x512.jpg 768w\" sizes=\"auto, (max-width: 563px) 100vw, 563px\" \/><\/p>\n<p>\u00a0<span style=\"color: #000000;\">Una visita al Parque Cultural, ex C\u00e1rcel P\u00fablica de Valpara\u00edso, contempla entre sus actividades de extensi\u00f3n el \u00abCongreso Educaci\u00f3n, Cultura y Trabajo en Contexto de Encierro\u00bb, que se realizar\u00e1 los d\u00edas 18 y 19 de agosto en el Hotel Diego de Almagro de Valpara\u00edso.<\/span><\/p>\n<p><span style=\"color: #000000;\">La actividad tendr\u00e1 lugar el jueves 18 de agosto, a las 18:00 horas, saliendo desde el hotel Diego de Almagro\u00a0en un bus de acercamiento. El programa del recorrido incluye una visita guiada a las principales dependencias del edificio ex- c\u00e1rcel, la cual ser\u00e1 preparada a modo especial, espec\u00edficamente, el sector de la ex Galer\u00eda de Reos, que mantiene la fachada del edificio y conserva las paredes interiores, en donde se pueden apreciar los dibujos y recortes que los internos pegaban.<\/span><\/p>\n<p><span style=\"color: #000000;\">Tambi\u00e9n se visitar\u00e1 el Museo de Sitio que resguarda el sector del Polvor\u00edn y su almac\u00e9n construido en el per\u00edodo de la colonia, entre 1807 y 1809.\u00a0<\/span><\/p>\n<p><span style=\"color: #000000;\">Las inscripciones para esta visita se realizar\u00e1n durante la recepci\u00f3n de los participantes.<\/span><\/p>\n<p><span style=\"color: #000000;\">El congreso es organizado por el Programa de Desarrollo Disciplinario en Educaci\u00f3n de J\u00f3venes y Adultos de la Universidad de Playa Ancha en conjunto con la\u00a0<strong>Mesa T\u00e9cnica de Contextos de Encierro<\/strong> integrada por\u00a0: <strong>Ministerio de Educaci\u00f3n<\/strong>,\u00a0<strong>Ministerio de Justicia<\/strong>,\u00a0<strong>Gendarmer\u00eda de Chile<\/strong>,\u00a0<strong>Fundaci\u00f3n Upla<\/strong>, \u00a0<strong>Colegio T\u00e9cnico Profesional de Adultos Cardenal Oviedo &#8211;<\/strong>\u00a0<strong>Coresol<\/strong>,\u00a0<strong>Escuela Jos\u00e9 Domingo Saavedra del Penal de San Antonio y<\/strong>\u00a0<strong>Fundaci\u00f3n Reinventarse<\/strong>\u00a0.<\/span><\/p>\n<p><span style=\"color: #000000;\">M\u00e1s informaciones del Congreso Educaci\u00f3n, Cultura y Trabajo en Contexto de Encierro ver: C<a href=\"http:\/\/www.educaciondeadultos.cl\/index.php?option=com_k2&amp;view=item&amp;id=1270:convocatoria-congreso-educacion-cultura-y-trabajo-en-contexto-de-encierro&amp;Itemid=801\">onvocatoria<\/a>.<\/span><\/p>\n<p><span style=\"color: #000000;\">Edici\u00f3n web. 9 de agosto 2016<\/span><\/p>\n<p><span style=\"color: #000000;\">Fotograf\u00eda tomada de web institucional <a href=\"http:\/\/parquecultural.cl\/\">Parque Cultural de Valpara\u00edso<\/a>.<\/span><\/p>\n<p>\u00a0<\/p>\n","protected":false},"excerpt":{"rendered":"<p>\u00a0Una visita al Parque Cultural, ex C\u00e1rcel P\u00fablica de Valpara\u00edso, contempla entre sus actividades de extensi\u00f3n el \u00abCongreso Educaci\u00f3n, Cultura y Trabajo en Contexto de Encierro\u00bb, que se realizar\u00e1 los d\u00edas 18 y 19 de agosto en el Hotel Diego de Almagro de Valpara\u00edso. La actividad tendr\u00e1 lugar el jueves 18 de agosto, a las [&hellip;]<\/p>\n","protected":false},"author":1,"featured_media":353,"comment_status":"closed","ping_status":"closed","sticky":false,"template":"","format":"standard","meta":{"_et_pb_use_builder":"","_et_pb_old_content":"","_et_gb_content_width":"","_oasis_is_in_workflow":0,"_oasis_original":0,"footnotes":""},"categories":[45],"tags":[110],"class_list":["post-355","post","type-post","status-publish","format-standard","has-post-thumbnail","hentry","category-event","tag-congreso-educacion-cultura-y-trabajo-en-contexto-de-encierro"],"_links":{"self":[{"href":"http:\/\/educaciondeadultos.cl\/web\/wp-json\/wp\/v2\/posts\/355","targetHints":{"allow":["GET"]}}],"collection":[{"href":"http:\/\/educaciondeadultos.cl\/web\/wp-json\/wp\/v2\/posts"}],"about":[{"href":"http:\/\/educaciondeadultos.cl\/web\/wp-json\/wp\/v2\/types\/post"}],"author":[{"embeddable":true,"href":"http:\/\/educaciondeadultos.cl\/web\/wp-json\/wp\/v2\/users\/1"}],"replies":[{"embeddable":true,"href":"http:\/\/educaciondeadultos.cl\/web\/wp-json\/wp\/v2\/comments?post=355"}],"version-history":[{"count":0,"href":"http:\/\/educaciondeadultos.cl\/web\/wp-json\/wp\/v2\/posts\/355\/revisions"}],"wp:featuredmedia":[{"embeddable":true,"href":"http:\/\/educaciondeadultos.cl\/web\/wp-json\/wp\/v2\/media\/353"}],"wp:attachment":[{"href":"http:\/\/educaciondeadultos.cl\/web\/wp-json\/wp\/v2\/media?parent=355"}],"wp:term":[{"taxonomy":"category","embeddable":true,"href":"http:\/\/educaciondeadultos.cl\/web\/wp-json\/wp\/v2\/categories?post=355"},{"taxonomy":"post_tag","embeddable":true,"href":"http:\/\/educaciondeadultos.cl\/web\/wp-json\/wp\/v2\/tags?post=355"}],"curies":[{"name":"wp","href":"https:\/\/api.w.org\/{rel}","templated":true}]}}