{"id":349,"date":"2016-08-05T16:48:19","date_gmt":"2016-08-05T20:48:19","guid":{"rendered":"http:\/\/educaciondeadultos.cl\/web\/2016\/08\/05\/educacion-cultura-y-trabajo-en-contexto-de-encierro-sera-eje-de-congreso\/"},"modified":"2016-08-05T16:48:19","modified_gmt":"2016-08-05T20:48:19","slug":"educacion-cultura-y-trabajo-en-contexto-de-encierro-sera-eje-de-congreso","status":"publish","type":"post","link":"http:\/\/educaciondeadultos.cl\/web\/2016\/08\/05\/educacion-cultura-y-trabajo-en-contexto-de-encierro-sera-eje-de-congreso\/","title":{"rendered":"Educaci\u00f3n, cultura y trabajo en contexto de encierro ser\u00e1 eje de congreso"},"content":{"rendered":"<p><img loading=\"lazy\" decoding=\"async\" class=\" size-full wp-image-348\" src=\"http:\/\/educaciondeadultos.cl\/web\/wp-content\/uploads\/2016\/08\/140b010967f6cad065f658f2e2e7cc8d.jpg\" alt=\"\" width=\"621\" height=\"960\" srcset=\"http:\/\/educaciondeadultos.cl\/web\/wp-content\/uploads\/2016\/08\/140b010967f6cad065f658f2e2e7cc8d.jpg 621w, http:\/\/educaciondeadultos.cl\/web\/wp-content\/uploads\/2016\/08\/140b010967f6cad065f658f2e2e7cc8d-194x300.jpg 194w\" sizes=\"auto, (max-width: 621px) 100vw, 621px\" \/><\/p>\n<p><span style=\"color: #000000;\"><img loading=\"lazy\" decoding=\"async\" class=\" alignleft size-full wp-image-344\" src=\"http:\/\/educaciondeadultos.cl\/web\/wp-content\/uploads\/2016\/08\/afiche2.jpg\" border=\"0\" alt=\"\" width=\"474\" height=\"733\" style=\"float: left;\" \/><\/span><\/p>\n<p>\u00a0<\/p>\n<p>\u00a0<\/p>\n<p><span style=\"color: #000000;\">Con la participaci\u00f3n de expertos internacionales de Argentina, Brasil y Canad\u00e1 se dar\u00e1 inicio al\u00a0<strong>Congreso \u201cEducaci\u00f3n, Cultura y Trabajo en contexto de encierro\u201d<\/strong>, que se realizar\u00e1 el 18 y 19 de agosto en el Hotel Diego de Almagro de Valpara\u00edso.<\/span><\/p>\n<p style=\"text-align: justify;\"><span style=\"color: #000000;\"><strong>Francisco Scarf\u00f3<\/strong>\u00a0de la Universidad de La Plata, Argentina;\u00a0<strong>Elionaldo Fern\u00e1ndez<\/strong>\u00a0de la Universidad Federal Fluminense, Brasil;\u00a0<strong>Anal\u00eda Umpierez<\/strong>\u00a0de la Universidad Nacional del Centro de la Provincia de Buenos Aires, Argentina; y<strong>Jean Pierre Simoneau<\/strong>\u00a0de la C\u00e1tedra UNESCO, Canad\u00e1, ser\u00e1n los especialistas que dar\u00e1n cuenta de su experiencia sobre educaci\u00f3n, cultura y trabajo en educaci\u00f3n de j\u00f3venes y adultos en contexto de encierro.<\/span><\/p>\n<p style=\"text-align: justify;\"><span style=\"color: #000000;\">De este modo, se espera generar un espacio de an\u00e1lisis y construcci\u00f3n de conocimientos y propuestas desde una visi\u00f3n compartida que surge de profesionales que se desempe\u00f1an sus labores en Contexto de Encierro.<\/span><\/p>\n<p style=\"text-align: justify;\"><span style=\"color: #000000;\">Para ello, se analizar\u00e1n las siguientes tem\u00e1ticas: Experiencias innovadoras en educaci\u00f3n y trabajo, Reforma educacional, desaf\u00edos y oportunidades en contexto de encierro. Visiones nacionales e internacionales, Cultura y ciudadan\u00eda, Seguridad y educaci\u00f3n y Pol\u00edticas y estrategias de inclusi\u00f3n e inserci\u00f3n en el medio libre.<\/span><\/p>\n<p style=\"text-align: justify;\"><span style=\"color: #000000;\">Cada \u00e1mbito se abordar\u00e1 en mesas tem\u00e1ticas, que estar\u00e1n a cargo de un moderador, el cual orientar\u00e1 la reflexi\u00f3n del tema y facilitar\u00e1 la interacci\u00f3n entre los participantes. Al t\u00e9rmino de la jornada de socializar\u00e1n en plenario las conclusiones establecidos y posibles ejes de trabajo.<\/span><\/p>\n<p style=\"text-align: justify;\"><span style=\"color: #000000;\">Este trabajo es impulsado por el\u00a0<a href=\"http:\/\/www.educaciondeadultos.cl\/\"><span style=\"color: #000000;\">Programa de Desarrollo Disciplinario en Educaci\u00f3n de J\u00f3venes y Adultos de la Universidad de Playa Ancha<\/span><\/a>\u00a0en conjunto con la Mesa T\u00e9cnica en Contextos de encierro conformada a partir del \u201cTercer Seminario de Educaci\u00f3n de J\u00f3venes y Adultos desde una Perspectiva Inclusiva\u201d, realizado el 2015 en Valpara\u00edso.<\/span><\/p>\n<p style=\"text-align: justify;\"><span style=\"color: #000000;\">Dicha mesa es integrada por el Ministerio de Educaci\u00f3n, Ministerio de Justicia, Gendarmer\u00eda de Chile, Fundaci\u00f3n UPLA, Colegio T\u00e9cnico Profesional de Adultos Cardenal Oviedo \u2013 Coresol, Escuela Jos\u00e9 Domingo Saavedra del Penal de San Antonio, Fundaci\u00f3n Reinventarse y el Programa de Desarrollo Disciplinario en Educaci\u00f3n de J\u00f3venes y Adultos de la Universidad de Playa Ancha.<\/span><\/p>\n<p style=\"text-align: justify;\">\u00a0<\/p>\n<h5 style=\"text-align: center;\"><span style=\"color: #000000; font-family: verdana, geneva; font-size: small;\"><strong>Inscripciones<\/strong><\/span><\/h5>\n<ul>\n<li style=\"text-align: center;\"><span style=\"color: #000000;\">Las personas que deseen participar pueden inscribirse a una de las cinco mesas tem\u00e1ticas, idealmente que cuente con experiencia y conocimientos fundados sobre el tema para contribuir a la generaci\u00f3n de nuevas propuestas.<\/span><\/li>\n<li style=\"text-align: center;\"><span style=\"color: #000000;\"><strong>Cupo m\u00e1ximo para cada mesa tem\u00e1tica<\/strong>: 15 personas.<\/span><\/li>\n<li style=\"text-align: center;\"><span style=\"color: #000000;\"><strong>Inscripci\u00f3n gratuita on-line en la siguiente direcci\u00f3n<\/strong>:\u00a0<a href=\"http:\/\/www.educaciondeadultos.cl\/\"><span style=\"color: #000000;\">www.educaciondeadultos.cl<\/span><\/a><\/span><\/li>\n<li style=\"text-align: center;\"><span style=\"color: #000000;\"><strong>Plazo de inscripci\u00f3n<\/strong>: 15 de agosto sujeto a cupo disponible por mesa.<\/span><\/li>\n<li style=\"text-align: center;\"><span style=\"color: #000000;\">Para mayor informaci\u00f3n:\u00a0<a href=\"mailto:contextosdeencierro@upla.cl\"><span style=\"color: #000000;\">contextosdeencierro@upla.cl<\/span><\/a>\u00a0o al tel\u00e9fono 32 2205225<\/span><\/li>\n<\/ul>\n<p style=\"text-align: center;\"><span style=\"color: #000000;\"><strong>Fuente: UPLA-Noticias.<\/strong> 5 de agosto 2016.<\/span><\/p>\n","protected":false},"excerpt":{"rendered":"<p>\u00a0 \u00a0 Con la participaci\u00f3n de expertos internacionales de Argentina, Brasil y Canad\u00e1 se dar\u00e1 inicio al\u00a0Congreso \u201cEducaci\u00f3n, Cultura y Trabajo en contexto de encierro\u201d, que se realizar\u00e1 el 18 y 19 de agosto en el Hotel Diego de Almagro de Valpara\u00edso. Francisco Scarf\u00f3\u00a0de la Universidad de La Plata, Argentina;\u00a0Elionaldo Fern\u00e1ndez\u00a0de la Universidad Federal Fluminense, [&hellip;]<\/p>\n","protected":false},"author":1,"featured_media":348,"comment_status":"closed","ping_status":"closed","sticky":false,"template":"","format":"standard","meta":{"_et_pb_use_builder":"","_et_pb_old_content":"","_et_gb_content_width":"","_oasis_is_in_workflow":0,"_oasis_original":0,"footnotes":""},"categories":[45],"tags":[110],"class_list":["post-349","post","type-post","status-publish","format-standard","has-post-thumbnail","hentry","category-event","tag-congreso-educacion-cultura-y-trabajo-en-contexto-de-encierro"],"_links":{"self":[{"href":"http:\/\/educaciondeadultos.cl\/web\/wp-json\/wp\/v2\/posts\/349","targetHints":{"allow":["GET"]}}],"collection":[{"href":"http:\/\/educaciondeadultos.cl\/web\/wp-json\/wp\/v2\/posts"}],"about":[{"href":"http:\/\/educaciondeadultos.cl\/web\/wp-json\/wp\/v2\/types\/post"}],"author":[{"embeddable":true,"href":"http:\/\/educaciondeadultos.cl\/web\/wp-json\/wp\/v2\/users\/1"}],"replies":[{"embeddable":true,"href":"http:\/\/educaciondeadultos.cl\/web\/wp-json\/wp\/v2\/comments?post=349"}],"version-history":[{"count":0,"href":"http:\/\/educaciondeadultos.cl\/web\/wp-json\/wp\/v2\/posts\/349\/revisions"}],"wp:featuredmedia":[{"embeddable":true,"href":"http:\/\/educaciondeadultos.cl\/web\/wp-json\/wp\/v2\/media\/348"}],"wp:attachment":[{"href":"http:\/\/educaciondeadultos.cl\/web\/wp-json\/wp\/v2\/media?parent=349"}],"wp:term":[{"taxonomy":"category","embeddable":true,"href":"http:\/\/educaciondeadultos.cl\/web\/wp-json\/wp\/v2\/categories?post=349"},{"taxonomy":"post_tag","embeddable":true,"href":"http:\/\/educaciondeadultos.cl\/web\/wp-json\/wp\/v2\/tags?post=349"}],"curies":[{"name":"wp","href":"https:\/\/api.w.org\/{rel}","templated":true}]}}