{"id":347,"date":"2016-08-04T17:42:14","date_gmt":"2016-08-04T21:42:14","guid":{"rendered":"http:\/\/educaciondeadultos.cl\/web\/2016\/08\/04\/convocatoria-congreso-educacion-cultura-y-trabajo-en-contexto-de-encierro-2\/"},"modified":"2016-08-04T17:42:14","modified_gmt":"2016-08-04T21:42:14","slug":"convocatoria-congreso-educacion-cultura-y-trabajo-en-contexto-de-encierro-2","status":"publish","type":"post","link":"http:\/\/educaciondeadultos.cl\/web\/2016\/08\/04\/convocatoria-congreso-educacion-cultura-y-trabajo-en-contexto-de-encierro-2\/","title":{"rendered":"CONVOCATORIA CONGRESO EDUCACI\u00d3N, CULTURA Y TRABAJO EN CONTEXTO DE ENCIERRO"},"content":{"rendered":"<p><img loading=\"lazy\" decoding=\"async\" class=\" size-full wp-image-346\" src=\"http:\/\/educaciondeadultos.cl\/web\/wp-content\/uploads\/2016\/08\/3102e507c3049db2daf135e36367dea6.jpg\" alt=\"\" width=\"621\" height=\"960\" srcset=\"http:\/\/educaciondeadultos.cl\/web\/wp-content\/uploads\/2016\/08\/3102e507c3049db2daf135e36367dea6.jpg 621w, http:\/\/educaciondeadultos.cl\/web\/wp-content\/uploads\/2016\/08\/3102e507c3049db2daf135e36367dea6-194x300.jpg 194w\" sizes=\"auto, (max-width: 621px) 100vw, 621px\" \/><\/p>\n<p align=\"center\"><strong><img loading=\"lazy\" decoding=\"async\" class=\" alignleft size-full wp-image-344\" src=\"http:\/\/educaciondeadultos.cl\/web\/wp-content\/uploads\/2016\/08\/afiche2.jpg\" border=\"0\" alt=\"\" width=\"437\" height=\"676\" style=\"float: left;\" \/>C<span style=\"color: #000000;\">ONVOCATORIA\u00a0<\/span><\/strong><span style=\"color: #000000;\"><strong>CONGRESO EDUCACI\u00d3N, CULTURA Y TRABAJO EN CONTEXTO DE ENCIERRO<\/strong><\/span><\/p>\n<p align=\"center\"><span style=\"color: #000000;\"><strong>18 Y 19 DE AGOSTO &#8211; VALPARAISO &#8211; 2016<\/strong>\u00a0<\/span><\/p>\n<p style=\"text-align: justify;\">\u00a0<\/p>\n<p style=\"text-align: justify;\"><span style=\"color: #000000;\">El Programa de Desarrollo Disciplinario en Educaci\u00f3n de J\u00f3venes y Adultos de la Universidad de Playa Ancha en conjunto con la\u00a0<strong>Mesa T\u00e9cnica de Contextos de Encierro<\/strong><a name=\"_ftnref1\" href=\"file:\/\/\/C:\/Users\/mpinto\/Documents\/UPLA\/CONVOCATORIA_congreso_2016.doc#_ftn1\" title=\"\"><span style=\"color: #000000;\">[1]<\/span><\/a>\u00a0\u00a0iniciada en el \u201c<em>Tercer Seminario de Educaci\u00f3n de J\u00f3venes y Adultos desde una Perspectiva Inclusiva\u201d,<\/em>\u00a0realizado el a\u00f1o 2015 en la ciudad Valpara\u00edso, invitan a participar al\u00a0<strong>Congreso Educaci\u00f3n Cultura y Trabajo en Contexto de Encierro<\/strong>, a realizarse el 18 y 19 de agosto del presente a\u00f1o. \u00a0\u00a0<\/span><\/p>\n<p style=\"text-align: justify;\"><span style=\"color: #000000;\">La mesa de trabajo\u00a0<em>\u201cEducaci\u00f3n en Contexto de Encierro\u201d<\/em>, sistematiza lo realizado por parte de asistentes y expositores del pasado seminario, teniendo como desaf\u00edo trabajar y comenzar a gestar encuentros que adem\u00e1s de generar di\u00e1logo y reflexi\u00f3n sobre la realidad\u00a0 intramuros, materialice las intenciones de los part\u00edcipes de la realidad en contexto de encierro, por ser impulsores de futuros cambios que pueden surgir en algunas de estas instancias.<\/span>\u00a0<\/p>\n<p style=\"text-align: justify;\"><span style=\"color: #000000;\">En este trabajo se encuentran presentes:<\/span><\/p>\n<p style=\"text-align: justify;\"><span style=\"color: #000000;\"><strong>Ministerio de Educaci\u00f3n<\/strong>,\u00a0<strong>Ministerio de Justicia<\/strong>,\u00a0<strong>Gendarmer\u00eda de Chile<\/strong>,\u00a0<strong>Fundaci\u00f3n Upla<\/strong>, \u00a0<strong>Colegio T\u00e9cnico Profesional de Adultos Cardenal Oviedo &#8211;<\/strong>\u00a0<strong>Coresol<\/strong>,\u00a0<strong>Escuela Jos\u00e9 Domingo Saavedra del Penal de San Antonio<\/strong>,\u00a0<strong>Fundaci\u00f3n Reinventarse<\/strong>\u00a0y el\u00a0<strong>Programa de Desarrollo Disciplinario en Educaci\u00f3n de J\u00f3venes y Adultos de la Universidad de Playa Ancha<\/strong>.\u00a0<\/span>\u00a0<\/p>\n<p style=\"text-align: justify;\"><span style=\"color: #000000;\">El Congreso de\u00a0<em>\u201cEducaci\u00f3n, Cultura y Trabajo en Contexto de Encierro\u201d\u00a0<\/em>tiene como principal precepto la participaci\u00f3n de todos los actores que conforman procesos educativos en contexto de encierro. Estos procesos no solo entendidos como instancias pedag\u00f3gicas, sino m\u00e1s bien como todo proceso de formaci\u00f3n, considerando\u00a0en ello a diversos profesionales que directa o indirectamente cumplen alguna labor en recintos penitenciarios.\u00a0<\/span><\/p>\n<p style=\"text-align: justify;\"><span style=\"color: #000000;\">De esta forma concebimos este Congreso como una instancia en donde\u00a0<em>\u201cla educaci\u00f3n es un derecho que hace a la condici\u00f3n del ser humano, ya que a partir de ella se construye el lazo de pertenencia a la sociedad, a la palabra, a la tradici\u00f3n, al lenguaje, en definitiva a la transmisi\u00f3n y recreaci\u00f3n de la cultura, esencial para la condici\u00f3n humana.\u201d (N\u00fa\u00f1ez. V, 1999).<\/em>\u00a0<\/span><\/p>\n<p style=\"text-align: justify;\">\u00a0\u00a0<\/p>\n<p style=\"text-align: justify;\"><span style=\"font-family: verdana, geneva; font-size: small;\"><span style=\"color: #000000; line-height: 1.3em;\">El prop\u00f3sito principal de este evento es generar un espacio de an\u00e1lisis y construcci\u00f3n de conocimientos, propuestas desde una visi\u00f3n entre profesionales que se desempe\u00f1an sus labores en Contexto de Encierro siendo sus\u00a0<\/span><strong style=\"color: #000000; font-size: 12.16px; line-height: 1.3em;\">objetivos<\/strong><span style=\"color: #000000; line-height: 1.3em;\">:\u00a0<\/span><\/span><\/p>\n<ul>\n<li><span style=\"color: #000000;\"><strong>*Analizar<\/strong>\u00a0tem\u00e1ticas relevantes y transversales sobre educaci\u00f3n, cultura y trabajo en educaci\u00f3n de j\u00f3venes y adultos en contexto de encierro.<\/span><\/li>\n<\/ul>\n<p><span style=\"color: #000000;\"><strong>*Compartir<\/strong>\u00a0y\u00a0 reflexionar cr\u00edticamente las diferentes experiencias educativas en contexto de encierro (sistema Cerrado, semi cerrado y medio libre).<\/span><\/p>\n<p><span style=\"color: #000000;\"><strong>*Conocer<\/strong>\u00a0las diferentes organizaciones que desarrollan iniciativas al interior de los recintos penitenciarios con la finalidad de \u00a0 apoyar la reinserci\u00f3n social de las personas que se encuentran condenadas.<\/span><\/p>\n<p><span style=\"color: #000000;\"><strong>*Generar<\/strong>\u00a0redes de trabajo local a fin de fortalecer el desarrollo de los procesos formativos en Contexto de Encierro.\u00a0\u00a0<\/span><\/p>\n<p><span style=\"color: #000000;\">El trabajo que respecta al Congreso se realizar\u00e1 mediante mesas tem\u00e1ticas que estar\u00e1n a cargo de un moderador, el cual orientar\u00e1 la reflexi\u00f3n del tema y facilitar\u00e1 la interacci\u00f3n entre los participantes. Al t\u00e9rmino de la jornada de socializar\u00e1n en plenario las conclusiones establecidos y posibles ejes de trabajo.<\/span><\/p>\n<p><span style=\"color: #000000;\"><strong>\u00a0Temas:<\/strong><\/span><\/p>\n<table border=\"1\" cellspacing=\"0\" cellpadding=\"0\">\n<tbody>\n<tr>\n<td valign=\"top\" width=\"599\">\n<p><span style=\"color: #000000;\">1.- Experiencias innovadoras en educaci\u00f3n y trabajo en contexto de encierro.<\/span><\/p>\n<\/td>\n<\/tr>\n<tr>\n<td valign=\"top\" width=\"599\">\n<p><span style=\"color: #000000;\">2.- Reforma Educacional Desaf\u00edos y Oportunidades en Contexto de Encierro visiones Nacionales e Internacionales.<\/span><\/p>\n<\/td>\n<\/tr>\n<tr>\n<td valign=\"top\" width=\"599\">\n<p><span style=\"color: #000000;\">3.- Cultura y Ciudadan\u00eda en contexto de encierro.<\/span><\/p>\n<\/td>\n<\/tr>\n<tr>\n<td valign=\"top\" width=\"599\">\n<p><span style=\"color: #000000;\">4.- Seguridad y Educaci\u00f3n en contextos de encierro.<\/span><\/p>\n<\/td>\n<\/tr>\n<tr>\n<td valign=\"top\" width=\"599\">\n<p><span style=\"color: #000000;\">5.- Pol\u00edticas y Estrategias de inclusi\u00f3n e inserci\u00f3n en el medio libre.<\/span><\/p>\n<\/td>\n<\/tr>\n<\/tbody>\n<\/table>\n<p><span style=\"color: #000000;\">\u00a0<\/span><\/p>\n<p><span style=\"color: #000000;\"><strong>\u00a0Se contar\u00e1 con la destacada participaci\u00f3n de expertos internacionales<\/strong>:<\/span><\/p>\n<ul>\n<li><span style=\"color: #000000;\">Francisco Scarf\u00f3 \u2013 Universidad de La Plata \u2013 Argentina<\/span><\/li>\n<li><span style=\"color: #000000;\">Elionaldo Fern\u00e1ndez \u2013 Universidad Federal Fluminense \u2013 Brasil<\/span><\/li>\n<li><span style=\"color: #000000;\">Anal\u00eda Umpierez &#8211; Universidad Nacional del Centro de la Provincia de Buenos Aires &#8211; Argentina.<\/span><\/li>\n<li><span style=\"color: #000000;\">Jean Pierre Simoneau \u2013 Catedra UNESCO \u2013 Canad\u00e1.\u00a0\u00a0<\/span><\/li>\n<\/ul>\n<hr \/>\n<p><span style=\"color: #000000;\"><strong>Inscripci\u00f3n General:\u00a0<\/strong><\/span><\/p>\n<p><span style=\"color: #000000;\">&#8211; Las personas que deseen participar puede integrarse a una de las 5 mesas tem\u00e1ticas de su inter\u00e9s y que cuente con experiencia y conocimientos fundados sobre el tema para contribuir a la generaci\u00f3n de nuevas propuestas.\u00a0<\/span><\/p>\n<p><span style=\"color: #000000;\">&#8211;\u00a0<strong>Cupo m\u00e1ximo para cada mesa tem\u00e1tica<\/strong>: 15 personas.<\/span><\/p>\n<p><span style=\"color: #000000;\">&#8211;\u00a0<strong>Inscripci\u00f3n gratuita v\u00eda on line en la siguiente direcci\u00f3n<\/strong>:\u00a0<strong><a href=\"https:\/\/docs.google.com\/forms\/d\/e\/1FAIpQLSf3xFXfnucwnxuW5RWTzH3s_Se9y3P-_S29kyieh8Z8rN6uFg\/viewform?c=0&amp;w=1\"><span style=\"color: #000000;\">Formulario de Inscripci\u00f3n<\/span><\/a><\/strong><\/span><\/p>\n<p><span style=\"color: #000000;\">&#8211;\u00a0<strong>Plazo de inscripci\u00f3n<\/strong>: 15 de agosto sujeto a cupo disponible por mesa.<\/span><\/p>\n<p><span style=\"color: #000000;\">&#8211;\u00a0<strong>Para mayor informaci\u00f3n<\/strong>:\u00a0<a href=\"mailto:contextosdeencierro@upla.cl\"><span style=\"color: #000000;\">contextosdeencierro@upla.cl<\/span><\/a>\u00a0o al fono 322205225<\/span><\/p>\n<p><span style=\"color: #000000;\">\u00a0<\/span><\/p>\n<div><span style=\"color: #000000;\">[1] Compuesta por: Ministerio de Educaci\u00f3n, Ministerio de Justicia, Gendarmer\u00eda de Chile, Fundaci\u00f3n Upla, Fundaci\u00f3n Reinventarse, Colegio T\u00e9cnico Profesional de Adultos Cardenal Oviedo &#8211; Coresol, Escuela Jos\u00e9 Domingo Saavedra San Antonio y Programa de Desarrollo Disciplinario en Educaci\u00f3n de J\u00f3venes y Adultos de la Universidad de Playa Ancha.<\/span><\/div>\n<div><span style=\"color: #000000;\">\u00a0<\/span><\/div>\n<div><span style=\"color: #000000;\">Valpara\u00edso, 4 de agosto 2016.<\/span><\/div>\n","protected":false},"excerpt":{"rendered":"<p>CONVOCATORIA\u00a0CONGRESO EDUCACI\u00d3N, CULTURA Y TRABAJO EN CONTEXTO DE ENCIERRO 18 Y 19 DE AGOSTO &#8211; VALPARAISO &#8211; 2016\u00a0 \u00a0 El Programa de Desarrollo Disciplinario en Educaci\u00f3n de J\u00f3venes y Adultos de la Universidad de Playa Ancha en conjunto con la\u00a0Mesa T\u00e9cnica de Contextos de Encierro[1]\u00a0\u00a0iniciada en el \u201cTercer Seminario de Educaci\u00f3n de J\u00f3venes y Adultos [&hellip;]<\/p>\n","protected":false},"author":1,"featured_media":346,"comment_status":"closed","ping_status":"closed","sticky":false,"template":"","format":"standard","meta":{"_et_pb_use_builder":"","_et_pb_old_content":"","_et_gb_content_width":"","_oasis_is_in_workflow":0,"_oasis_original":0,"footnotes":""},"categories":[45],"tags":[110],"class_list":["post-347","post","type-post","status-publish","format-standard","has-post-thumbnail","hentry","category-event","tag-congreso-educacion-cultura-y-trabajo-en-contexto-de-encierro"],"_links":{"self":[{"href":"http:\/\/educaciondeadultos.cl\/web\/wp-json\/wp\/v2\/posts\/347","targetHints":{"allow":["GET"]}}],"collection":[{"href":"http:\/\/educaciondeadultos.cl\/web\/wp-json\/wp\/v2\/posts"}],"about":[{"href":"http:\/\/educaciondeadultos.cl\/web\/wp-json\/wp\/v2\/types\/post"}],"author":[{"embeddable":true,"href":"http:\/\/educaciondeadultos.cl\/web\/wp-json\/wp\/v2\/users\/1"}],"replies":[{"embeddable":true,"href":"http:\/\/educaciondeadultos.cl\/web\/wp-json\/wp\/v2\/comments?post=347"}],"version-history":[{"count":0,"href":"http:\/\/educaciondeadultos.cl\/web\/wp-json\/wp\/v2\/posts\/347\/revisions"}],"wp:featuredmedia":[{"embeddable":true,"href":"http:\/\/educaciondeadultos.cl\/web\/wp-json\/wp\/v2\/media\/346"}],"wp:attachment":[{"href":"http:\/\/educaciondeadultos.cl\/web\/wp-json\/wp\/v2\/media?parent=347"}],"wp:term":[{"taxonomy":"category","embeddable":true,"href":"http:\/\/educaciondeadultos.cl\/web\/wp-json\/wp\/v2\/categories?post=347"},{"taxonomy":"post_tag","embeddable":true,"href":"http:\/\/educaciondeadultos.cl\/web\/wp-json\/wp\/v2\/tags?post=347"}],"curies":[{"name":"wp","href":"https:\/\/api.w.org\/{rel}","templated":true}]}}