{"id":340,"date":"2016-07-06T04:01:46","date_gmt":"2016-07-06T08:01:46","guid":{"rendered":"http:\/\/educaciondeadultos.cl\/web\/2016\/07\/06\/experiencia-del-diplomado-de-educacion-de-adultos-en-la-universidad-de-playa-ancha-chile\/"},"modified":"2016-07-06T04:01:46","modified_gmt":"2016-07-06T08:01:46","slug":"experiencia-del-diplomado-de-educacion-de-adultos-en-la-universidad-de-playa-ancha-chile","status":"publish","type":"post","link":"http:\/\/educaciondeadultos.cl\/web\/2016\/07\/06\/experiencia-del-diplomado-de-educacion-de-adultos-en-la-universidad-de-playa-ancha-chile\/","title":{"rendered":"Experiencia del Diplomado de Educaci\u00f3n de Adultos en la Universidad de Playa Ancha, Chile"},"content":{"rendered":"<p><img loading=\"lazy\" decoding=\"async\" class=\" size-full wp-image-337\" src=\"http:\/\/educaciondeadultos.cl\/web\/wp-content\/uploads\/2016\/07\/041f8ef5b15effcb1dc4f41914f9679e.jpg\" alt=\"\" width=\"711\" height=\"653\" srcset=\"http:\/\/educaciondeadultos.cl\/web\/wp-content\/uploads\/2016\/07\/041f8ef5b15effcb1dc4f41914f9679e.jpg 711w, http:\/\/educaciondeadultos.cl\/web\/wp-content\/uploads\/2016\/07\/041f8ef5b15effcb1dc4f41914f9679e-300x276.jpg 300w\" sizes=\"auto, (max-width: 711px) 100vw, 711px\" \/><\/p>\n<p class=\"no_revista\"><a href=\"http:\/\/www.crefal.edu.mx\/decisio\/images\/pdf\/decisio_42\/decisio42_saber7.pdf\"><img loading=\"lazy\" decoding=\"async\" class=\" alignright size-full wp-image-338\" src=\"http:\/\/educaciondeadultos.cl\/web\/wp-content\/uploads\/2016\/07\/revistdecifin.jpg\" border=\"0\" alt=\"\" width=\"431\" height=\"397\" style=\"float: right;\" srcset=\"http:\/\/educaciondeadultos.cl\/web\/wp-content\/uploads\/2016\/07\/revistdecifin.jpg 711w, http:\/\/educaciondeadultos.cl\/web\/wp-content\/uploads\/2016\/07\/revistdecifin-300x276.jpg 300w\" sizes=\"auto, (max-width: 431px) 100vw, 431px\" \/><\/a><\/p>\n<p class=\"no_revista\"><span style=\"color: #000000;\">La revista <strong>Decisio<\/strong>\u00a0en su edici\u00f3n N\u00b042 (septiembre- diciembre 2015)\u00a0dedicada a la\u00a0Formaci\u00f3n de Educadores y Educadoras de Personas J\u00f3venes y Adultas, incluye el articulo \u00abExperiencia del Diplomado de Educaci\u00f3n de Adultos en la Universidad de Playa Ancha, Chile\u00bb, de Violeta Acu\u00f1a Collado, directora del Programa Disciplinario de Educaci\u00f3n de J\u00f3venes y Adultos del Centro de Estudios Avanzados de la Facultad de Ciencias de la Educaci\u00f3n, Universidad de Playa Ancha, Valpara\u00edso, Chile.<\/span><\/p>\n<p class=\"no_revista\"><span style=\"color: #000000;\"><strong>Decisio<\/strong> es una publicaci\u00f3n cuatrimestral del\u00a0Centro de Cooperaci\u00f3n Regional para la Educaci\u00f3n de Adultos en Am\u00e9rica Latina y el Caribe (CREFAL), M\u00e9xico. Su prop\u00f3sito es servir de puente entre el quehacer acad\u00e9mico, la pr\u00e1ctica educativa con personas j\u00f3venes y adultas y la toma de decisiones en materia de pol\u00edtica p\u00fablica.\u00a0<\/span><\/p>\n<p class=\"no_revista\"><strong><img loading=\"lazy\" decoding=\"async\" class=\" size-full wp-image-339\" src=\"http:\/\/educaciondeadultos.cl\/web\/wp-content\/uploads\/2016\/07\/decisio42_grande.jpg\" border=\"0\" alt=\"\" width=\"168\" height=\"207\" srcset=\"http:\/\/educaciondeadultos.cl\/web\/wp-content\/uploads\/2016\/07\/decisio42_grande.jpg 331w, http:\/\/educaciondeadultos.cl\/web\/wp-content\/uploads\/2016\/07\/decisio42_grande-243x300.jpg 243w\" sizes=\"auto, (max-width: 168px) 100vw, 168px\" \/>Ver:\u00a0<a href=\"http:\/\/www.crefal.edu.mx\/decisio\/images\/pdf\/decisio_42\/decisio42_saber7.pdf\">aqu\u00ed art\u00edculo completo<\/a><\/strong><\/p>\n<p class=\"no_revista\">Comunicaciones &#8211; Edici\u00f3n web, 6 de \u00a0julio 2016<\/p>\n<p class=\"no_revista\">\u00a0<\/p>\n","protected":false},"excerpt":{"rendered":"<p>La revista Decisio\u00a0en su edici\u00f3n N\u00b042 (septiembre- diciembre 2015)\u00a0dedicada a la\u00a0Formaci\u00f3n de Educadores y Educadoras de Personas J\u00f3venes y Adultas, incluye el articulo \u00abExperiencia del Diplomado de Educaci\u00f3n de Adultos en la Universidad de Playa Ancha, Chile\u00bb, de Violeta Acu\u00f1a Collado, directora del Programa Disciplinario de Educaci\u00f3n de J\u00f3venes y Adultos del Centro de Estudios [&hellip;]<\/p>\n","protected":false},"author":1,"featured_media":337,"comment_status":"closed","ping_status":"closed","sticky":false,"template":"","format":"standard","meta":{"_et_pb_use_builder":"","_et_pb_old_content":"","_et_gb_content_width":"","_oasis_is_in_workflow":0,"_oasis_original":0,"footnotes":""},"categories":[45],"tags":[],"class_list":["post-340","post","type-post","status-publish","format-standard","has-post-thumbnail","hentry","category-event"],"_links":{"self":[{"href":"http:\/\/educaciondeadultos.cl\/web\/wp-json\/wp\/v2\/posts\/340","targetHints":{"allow":["GET"]}}],"collection":[{"href":"http:\/\/educaciondeadultos.cl\/web\/wp-json\/wp\/v2\/posts"}],"about":[{"href":"http:\/\/educaciondeadultos.cl\/web\/wp-json\/wp\/v2\/types\/post"}],"author":[{"embeddable":true,"href":"http:\/\/educaciondeadultos.cl\/web\/wp-json\/wp\/v2\/users\/1"}],"replies":[{"embeddable":true,"href":"http:\/\/educaciondeadultos.cl\/web\/wp-json\/wp\/v2\/comments?post=340"}],"version-history":[{"count":0,"href":"http:\/\/educaciondeadultos.cl\/web\/wp-json\/wp\/v2\/posts\/340\/revisions"}],"wp:featuredmedia":[{"embeddable":true,"href":"http:\/\/educaciondeadultos.cl\/web\/wp-json\/wp\/v2\/media\/337"}],"wp:attachment":[{"href":"http:\/\/educaciondeadultos.cl\/web\/wp-json\/wp\/v2\/media?parent=340"}],"wp:term":[{"taxonomy":"category","embeddable":true,"href":"http:\/\/educaciondeadultos.cl\/web\/wp-json\/wp\/v2\/categories?post=340"},{"taxonomy":"post_tag","embeddable":true,"href":"http:\/\/educaciondeadultos.cl\/web\/wp-json\/wp\/v2\/tags?post=340"}],"curies":[{"name":"wp","href":"https:\/\/api.w.org\/{rel}","templated":true}]}}