{"id":329,"date":"2016-06-08T17:03:30","date_gmt":"2016-06-08T21:03:30","guid":{"rendered":"http:\/\/educaciondeadultos.cl\/web\/2016\/06\/08\/b-learning-evaluacion-de-los-aprendizajes-epja-en-la-zona-sur\/"},"modified":"2016-06-08T17:03:30","modified_gmt":"2016-06-08T21:03:30","slug":"b-learning-evaluacion-de-los-aprendizajes-epja-en-la-zona-sur","status":"publish","type":"post","link":"http:\/\/educaciondeadultos.cl\/web\/2016\/06\/08\/b-learning-evaluacion-de-los-aprendizajes-epja-en-la-zona-sur\/","title":{"rendered":"B-LEARNING \u00abEVALUACI\u00d3N DE LOS APRENDIZAJES-EPJA\u00bb EN LA ZONA SUR"},"content":{"rendered":"<p><img loading=\"lazy\" decoding=\"async\" class=\" size-full wp-image-325\" src=\"http:\/\/educaciondeadultos.cl\/web\/wp-content\/uploads\/2016\/06\/8ee9fed59ea70b6d1ab0628ed0a34e19.jpg\" alt=\"\" width=\"960\" height=\"693\" srcset=\"http:\/\/educaciondeadultos.cl\/web\/wp-content\/uploads\/2016\/06\/8ee9fed59ea70b6d1ab0628ed0a34e19.jpg 960w, http:\/\/educaciondeadultos.cl\/web\/wp-content\/uploads\/2016\/06\/8ee9fed59ea70b6d1ab0628ed0a34e19-300x217.jpg 300w, http:\/\/educaciondeadultos.cl\/web\/wp-content\/uploads\/2016\/06\/8ee9fed59ea70b6d1ab0628ed0a34e19-768x554.jpg 768w\" sizes=\"auto, (max-width: 960px) 100vw, 960px\" \/><\/p>\n<p style=\"text-align: center;\"><img loading=\"lazy\" decoding=\"async\" class=\" alignleft size-full wp-image-326\" src=\"http:\/\/educaciondeadultos.cl\/web\/wp-content\/uploads\/2016\/06\/portadados.jpg\" border=\"0\" alt=\"\" width=\"467\" height=\"337\" style=\"float: left;\" srcset=\"http:\/\/educaciondeadultos.cl\/web\/wp-content\/uploads\/2016\/06\/portadados.jpg 960w, http:\/\/educaciondeadultos.cl\/web\/wp-content\/uploads\/2016\/06\/portadados-300x217.jpg 300w, http:\/\/educaciondeadultos.cl\/web\/wp-content\/uploads\/2016\/06\/portadados-768x554.jpg 768w\" sizes=\"auto, (max-width: 467px) 100vw, 467px\" \/>35 profesores procedentes de las provincias \u00a0Caut\u00edn y Malleco de la Regi\u00f3n de La Araucan\u00eda, se dieron cita en la Universidad de La Frontera de Temuco, los d\u00edas 27 y 28 de mayo,\u00a0con ocasi\u00f3n del inicio del curso de perfeccionamiento B-Learning\u00a0<strong>\u00abEvaluaci\u00f3n de los Aprendizajes en Contexto de la Educaci\u00f3n para \u00a0Personas J\u00f3venes y Adultos,<\/strong>\u00a0que imparte la Facultad de Ciencias de la Educaci\u00f3n de la Universidad de Playa Ancha, a trav\u00e9s del Programa Disciplinario de Educaci\u00f3n de J\u00f3venes y Adultos, con el prop\u00f3sito de revisar y perfeccionar las pr\u00e1cticas de evaluaci\u00f3n en diversos contextos y diversidad.\u00a0<\/p>\n<hr \/>\n<p>La actividad financiada por el Ministerio de Educaci\u00f3n est\u00e1 dirigida a profesores y directivos que se desempe\u00f1an en educaci\u00f3n b\u00e1sica y media de la modalidad regular de educaci\u00f3n para personas j\u00f3venes y adultas (EPJA) en Centros de Educaci\u00f3n Integrada de Adultos (CEIAs), Terceras Jornadas Vespertinas y Escuelas o Centros Educativos en Contexto de Encierro y personas que trabajan en el Servicio Nacional de Menores Sename.\u00a0\u00a0<\/p>\n<p>Jaime Gonz\u00e1lez, acad\u00e9mico de la Universidad de la Frontera, encargado de la ejecuci\u00f3n en la Regi\u00f3n de La Araucan\u00eda, destaca que esta convocatoria ha sido muy bien recibida por los profesores participantes, abriendo espacios para comentar y compartir opiniones, intercambiar experiencias y reconocer saberes en materias de evaluaci\u00f3n de los aprendizajes EPJA. Los profesores participantes en esta regi\u00f3n provienen de las siguientes comunas: Carahue, Cunco, Freire, Lautaro, Nueva Imperial, Padre Las Casas, Pitrufquen, Puc\u00f3n, \u00a0Saavedra, Temuco, Vilc\u00fan, Villarrica, Angol, Collipulli, Traiguen y Victoria.\u00a0<\/p>\n<p><img loading=\"lazy\" decoding=\"async\" class=\" alignright size-full wp-image-327\" src=\"http:\/\/educaciondeadultos.cl\/web\/wp-content\/uploads\/2016\/06\/portadauna.jpg\" border=\"0\" alt=\"\" width=\"380\" height=\"274\" style=\"float: right;\" srcset=\"http:\/\/educaciondeadultos.cl\/web\/wp-content\/uploads\/2016\/06\/portadauna.jpg 526w, http:\/\/educaciondeadultos.cl\/web\/wp-content\/uploads\/2016\/06\/portadauna-300x217.jpg 300w\" sizes=\"auto, (max-width: 380px) 100vw, 380px\" \/><\/p>\n<p><img loading=\"lazy\" decoding=\"async\" class=\" alignright size-full wp-image-328\" src=\"http:\/\/educaciondeadultos.cl\/web\/wp-content\/uploads\/2016\/06\/portadatres.jpg\" border=\"0\" alt=\"\" width=\"367\" height=\"275\" style=\"float: right;\" srcset=\"http:\/\/educaciondeadultos.cl\/web\/wp-content\/uploads\/2016\/06\/portadatres.jpg 960w, http:\/\/educaciondeadultos.cl\/web\/wp-content\/uploads\/2016\/06\/portadatres-300x225.jpg 300w, http:\/\/educaciondeadultos.cl\/web\/wp-content\/uploads\/2016\/06\/portadatres-768x576.jpg 768w\" sizes=\"auto, (max-width: 367px) 100vw, 367px\" \/><\/p>\n<p>El curso de perfeccionamiento B-Learning\u00a0<strong>\u00abEvaluaci\u00f3n de los Aprendizajes en Contexto de la Educaci\u00f3n para Personas J\u00f3venes y Adultos\u00bb<\/strong>\u00a0que comprende 100 horas cronol\u00f3gicas, distribuidas en 60 horas de car\u00e1cter presencial y 40 de car\u00e1cter virtual \u00a0se realiza de manera paralela en ocho regiones del pa\u00eds.<\/p>\n<p>En las fotograf\u00edas se observan momentos varios del desarrollo del aula virtual en la Universidad de La Frontera de Temuco.<\/p>\n<p>M\u00e1s informaciones en mail:\u00a0<strong><a href=\"mailto:evaluacionepja@upla.cl\">evaluacionepja@upla.cl<\/a><\/strong><\/p>\n<p><strong>Comunicaciones- edici\u00f3n web<\/strong>. 6 de junio 2016.<\/p>\n","protected":false},"excerpt":{"rendered":"<p>35 profesores procedentes de las provincias \u00a0Caut\u00edn y Malleco de la Regi\u00f3n de La Araucan\u00eda, se dieron cita en la Universidad de La Frontera de Temuco, los d\u00edas 27 y 28 de mayo,\u00a0con ocasi\u00f3n del inicio del curso de perfeccionamiento B-Learning\u00a0\u00abEvaluaci\u00f3n de los Aprendizajes en Contexto de la Educaci\u00f3n para \u00a0Personas J\u00f3venes y Adultos,\u00a0que imparte [&hellip;]<\/p>\n","protected":false},"author":1,"featured_media":325,"comment_status":"closed","ping_status":"closed","sticky":false,"template":"","format":"standard","meta":{"_et_pb_use_builder":"","_et_pb_old_content":"","_et_gb_content_width":"","_oasis_is_in_workflow":0,"_oasis_original":0,"footnotes":""},"categories":[45],"tags":[],"class_list":["post-329","post","type-post","status-publish","format-standard","has-post-thumbnail","hentry","category-event"],"_links":{"self":[{"href":"http:\/\/educaciondeadultos.cl\/web\/wp-json\/wp\/v2\/posts\/329","targetHints":{"allow":["GET"]}}],"collection":[{"href":"http:\/\/educaciondeadultos.cl\/web\/wp-json\/wp\/v2\/posts"}],"about":[{"href":"http:\/\/educaciondeadultos.cl\/web\/wp-json\/wp\/v2\/types\/post"}],"author":[{"embeddable":true,"href":"http:\/\/educaciondeadultos.cl\/web\/wp-json\/wp\/v2\/users\/1"}],"replies":[{"embeddable":true,"href":"http:\/\/educaciondeadultos.cl\/web\/wp-json\/wp\/v2\/comments?post=329"}],"version-history":[{"count":0,"href":"http:\/\/educaciondeadultos.cl\/web\/wp-json\/wp\/v2\/posts\/329\/revisions"}],"wp:featuredmedia":[{"embeddable":true,"href":"http:\/\/educaciondeadultos.cl\/web\/wp-json\/wp\/v2\/media\/325"}],"wp:attachment":[{"href":"http:\/\/educaciondeadultos.cl\/web\/wp-json\/wp\/v2\/media?parent=329"}],"wp:term":[{"taxonomy":"category","embeddable":true,"href":"http:\/\/educaciondeadultos.cl\/web\/wp-json\/wp\/v2\/categories?post=329"},{"taxonomy":"post_tag","embeddable":true,"href":"http:\/\/educaciondeadultos.cl\/web\/wp-json\/wp\/v2\/tags?post=329"}],"curies":[{"name":"wp","href":"https:\/\/api.w.org\/{rel}","templated":true}]}}