{"id":323,"date":"2016-05-31T23:43:55","date_gmt":"2016-06-01T03:43:55","guid":{"rendered":"http:\/\/educaciondeadultos.cl\/web\/2016\/05\/31\/portal-revista-educacion-de-adultos-y-procesos-formativos\/"},"modified":"2016-05-31T23:43:55","modified_gmt":"2016-06-01T03:43:55","slug":"portal-revista-educacion-de-adultos-y-procesos-formativos","status":"publish","type":"post","link":"http:\/\/educaciondeadultos.cl\/web\/2016\/05\/31\/portal-revista-educacion-de-adultos-y-procesos-formativos\/","title":{"rendered":"Portal Revista Educaci\u00f3n de Adultos y Procesos Formativos"},"content":{"rendered":"<p><img loading=\"lazy\" decoding=\"async\" class=\" size-full wp-image-321\" src=\"http:\/\/educaciondeadultos.cl\/web\/wp-content\/uploads\/2016\/05\/fbeffccf3fed7f7c5846873a4b09e989.jpg\" alt=\"\" width=\"520\" height=\"375\" srcset=\"http:\/\/educaciondeadultos.cl\/web\/wp-content\/uploads\/2016\/05\/fbeffccf3fed7f7c5846873a4b09e989.jpg 520w, http:\/\/educaciondeadultos.cl\/web\/wp-content\/uploads\/2016\/05\/fbeffccf3fed7f7c5846873a4b09e989-300x216.jpg 300w\" sizes=\"auto, (max-width: 520px) 100vw, 520px\" \/><\/p>\n<p><a href=\"http:\/\/www.educaciondeadultosprocesosformativos.cl\/\"><img loading=\"lazy\" decoding=\"async\" class=\" size-full wp-image-322\" src=\"http:\/\/educaciondeadultos.cl\/web\/wp-content\/uploads\/2016\/05\/bannerrevista.jpg\" border=\"0\" alt=\"\" width=\"951\" height=\"281\" \/><\/a>Portal especial abierto para la publicaci\u00f3n de nuestra revista Educaci\u00f3n de Adultos y Procesos Formativos.<\/p>\n<p><a href=\"http:\/\/www.educaciondeadultosprocesosformativos.cl\/\">Ver aqu\u00ed los dos n\u00fameros editados.<\/a><\/p>\n","protected":false},"excerpt":{"rendered":"<p>Portal especial abierto para la publicaci\u00f3n de nuestra revista Educaci\u00f3n de Adultos y Procesos Formativos. Ver aqu\u00ed los dos n\u00fameros editados.<\/p>\n","protected":false},"author":1,"featured_media":321,"comment_status":"closed","ping_status":"closed","sticky":false,"template":"","format":"standard","meta":{"_et_pb_use_builder":"","_et_pb_old_content":"","_et_gb_content_width":"","_oasis_is_in_workflow":0,"_oasis_original":0,"footnotes":""},"categories":[45],"tags":[109],"class_list":["post-323","post","type-post","status-publish","format-standard","has-post-thumbnail","hentry","category-event","tag-revista-educacion-de-adultos-y-procesos-formativos"],"_links":{"self":[{"href":"http:\/\/educaciondeadultos.cl\/web\/wp-json\/wp\/v2\/posts\/323","targetHints":{"allow":["GET"]}}],"collection":[{"href":"http:\/\/educaciondeadultos.cl\/web\/wp-json\/wp\/v2\/posts"}],"about":[{"href":"http:\/\/educaciondeadultos.cl\/web\/wp-json\/wp\/v2\/types\/post"}],"author":[{"embeddable":true,"href":"http:\/\/educaciondeadultos.cl\/web\/wp-json\/wp\/v2\/users\/1"}],"replies":[{"embeddable":true,"href":"http:\/\/educaciondeadultos.cl\/web\/wp-json\/wp\/v2\/comments?post=323"}],"version-history":[{"count":0,"href":"http:\/\/educaciondeadultos.cl\/web\/wp-json\/wp\/v2\/posts\/323\/revisions"}],"wp:featuredmedia":[{"embeddable":true,"href":"http:\/\/educaciondeadultos.cl\/web\/wp-json\/wp\/v2\/media\/321"}],"wp:attachment":[{"href":"http:\/\/educaciondeadultos.cl\/web\/wp-json\/wp\/v2\/media?parent=323"}],"wp:term":[{"taxonomy":"category","embeddable":true,"href":"http:\/\/educaciondeadultos.cl\/web\/wp-json\/wp\/v2\/categories?post=323"},{"taxonomy":"post_tag","embeddable":true,"href":"http:\/\/educaciondeadultos.cl\/web\/wp-json\/wp\/v2\/tags?post=323"}],"curies":[{"name":"wp","href":"https:\/\/api.w.org\/{rel}","templated":true}]}}