{"id":320,"date":"2016-05-04T22:59:48","date_gmt":"2016-05-05T01:59:48","guid":{"rendered":"http:\/\/educaciondeadultos.cl\/web\/2016\/05\/04\/evaluacion-para-los-aprendizajes-en-contexto-de-la-educacion-para-jovenes-y-adultos\/"},"modified":"2016-05-04T22:59:48","modified_gmt":"2016-05-05T01:59:48","slug":"evaluacion-para-los-aprendizajes-en-contexto-de-la-educacion-para-jovenes-y-adultos","status":"publish","type":"post","link":"http:\/\/educaciondeadultos.cl\/web\/2016\/05\/04\/evaluacion-para-los-aprendizajes-en-contexto-de-la-educacion-para-jovenes-y-adultos\/","title":{"rendered":"Convocatoria curso de perfeccionamiento: Evaluaci\u00f3n Aprendizajes en contexto de la Educaci\u00f3n para J\u00f3venes y Adultos"},"content":{"rendered":"<p><img loading=\"lazy\" decoding=\"async\" class=\" size-full wp-image-318\" src=\"http:\/\/educaciondeadultos.cl\/web\/wp-content\/uploads\/2016\/05\/141bc280a143aace03650e1e3d0f5112.jpg\" alt=\"\" width=\"452\" height=\"312\" srcset=\"http:\/\/educaciondeadultos.cl\/web\/wp-content\/uploads\/2016\/05\/141bc280a143aace03650e1e3d0f5112.jpg 452w, http:\/\/educaciondeadultos.cl\/web\/wp-content\/uploads\/2016\/05\/141bc280a143aace03650e1e3d0f5112-300x207.jpg 300w\" sizes=\"auto, (max-width: 452px) 100vw, 452px\" \/><\/p>\n<p style=\"text-align: justify;\"><span style=\"font-family: verdana, geneva; font-size: small;\"><img loading=\"lazy\" decoding=\"async\" class=\" alignleft size-full wp-image-319\" src=\"http:\/\/educaciondeadultos.cl\/web\/wp-content\/uploads\/2016\/05\/aficheevalua2016.jpg\" border=\"0\" alt=\"\" width=\"431\" height=\"647\" style=\"float: left;\" srcset=\"http:\/\/educaciondeadultos.cl\/web\/wp-content\/uploads\/2016\/05\/aficheevalua2016.jpg 640w, http:\/\/educaciondeadultos.cl\/web\/wp-content\/uploads\/2016\/05\/aficheevalua2016-200x300.jpg 200w\" sizes=\"auto, (max-width: 431px) 100vw, 431px\" \/><span style=\"color: #000000;\">Hasta el 13 de mayo de 2016 se encuentra abierta la convocatoria y el proceso de inscripciones de las postulaciones para el curso de perfeccionamiento B &#8211; Learning\u00a0<\/span><\/span><span style=\"font-family: verdana, geneva; font-size: small;\"><span style=\"color: #000000;\"><strong>\u00a0\u00abEvaluaci\u00f3n de los Aprendizajes en Contexto de la Educaci\u00f3n para \u00a0Personas J\u00f3venes y Adultos\u00bb,\u00a0<\/strong>que \u00a0dictar\u00e1 en ocho regiones la Facultad de Ciencias de la Educaci\u00f3n de la Universidad de Playa Ancha, a trav\u00e9s del Programa Disciplinario de Educaci\u00f3n de J\u00f3venes y Adultos, con el prop\u00f3sito de revisar y perfeccionar las pr\u00e1cticas de evaluaci\u00f3n, avanzando en la perspectiva de una modalidad educativa que pone en el centro al sujeto que aprende, reconociendo su contexto y su diversidad.<\/span><\/span><\/p>\n<p style=\"text-align: justify;\"><span style=\"font-family: verdana, geneva; font-size: small; color: #000000;\">El curso que comprende un total de 100 horas cronol\u00f3gicas,\u00a0 distribuidas en<strong> 60 horas de car\u00e1cter presencial y 40 de car\u00e1cter virtual<\/strong>, est\u00e1 orientado para un total de 315 a 488 docentes y directivos que se desempe\u00f1an en Educaci\u00f3n B\u00e1sica y Media de la modalidad regular de Educaci\u00f3n para Personas J\u00f3venes y Adultas en Centros de Educaci\u00f3n Integrada de Adultos, \u00a0Terceras\u00a0 Jornadas y Centros Educativos en Contextos de Encierro de las siguientes regiones: <strong>Atacama<\/strong>, <strong>Coquimbo<\/strong>, <strong>Valpara\u00edso<\/strong>, <strong>Libertador Bernardo O&#8217;Higgins<\/strong>, <strong>Metropolitana<\/strong>, <strong>Araucan\u00eda<\/strong>, <strong>Los R\u00edos<\/strong> y <strong>Los Lagos<\/strong>.<\/span><\/p>\n<p><em><span style=\"font-family: verdana, geneva; font-size: small; color: #000000;\"><strong>Nueva evaluaci\u00f3n<\/strong><\/span><\/em><\/p>\n<p style=\"text-align: justify;\"><span style=\"font-family: verdana, geneva; font-size: small; color: #000000;\">El enfoque de evaluaci\u00f3n para el aprendizaje define a la evaluaci\u00f3n como el proceso que acompa\u00f1a permanentemente a la ense\u00f1anza. El \u00e9nfasis est\u00e1 en los procesos \u00a0m\u00e1s que en los resultados del aprendizaje.<\/span><\/p>\n<p style=\"text-align: justify;\"><span style=\"font-family: verdana, geneva; font-size: small; color: #000000;\">La doctora Violeta Acu\u00f1a Collado, directora del Programa Disciplinario de Educaci\u00f3n de Adultos y J\u00f3venes de la Facultad de Educaci\u00f3n (Edja-UPLA), se\u00f1ala la ejecuci\u00f3n de este curso financiado por el Ministerio de Educaci\u00f3n se inserta en objetivos destinados a contribuir y fortalecer la calidad de los aprendizajes y de la propia pr\u00e1ctica pedag\u00f3gica.<\/span><\/p>\n<p style=\"text-align: justify;\"><span style=\"font-family: verdana, geneva; font-size: small; color: #000000;\">Agrega que permitir\u00e1 a los docentes reflexionar sobre su labor evaluativa lo que resulta de alta importancia, considerando que los estudiantes de esta modalidad ven en esta experiencia una segunda oportunidad que por cierto debe ser tratada con m\u00e1ximo cuidado para que no se convierta en un abandono definitivo del sistema.<\/span><\/p>\n<p><span style=\"font-family: verdana, geneva; font-size: small; color: #000000;\"><strong>Completar aqu\u00ed<\/strong>:\u00a0<\/span><span style=\"font-family: verdana, geneva; font-size: small; color: #000000;\"><a href=\"http:\/\/www.e-mineduc.cl\/formularioInscripcion\/Publicar\/evaluacion_aprendizaje_contexto_educacion_jov_adultos\/\"><span style=\"color: #000000;\">Formulario de postulaci\u00f3n<\/span><\/a><\/span><\/p>\n<h2><span style=\"font-family: verdana, geneva; font-size: small;\">M\u00e1s informaciones en mail: <strong>evaluacionepja@upla.cl<\/strong><\/span><\/h2>\n<p><span style=\"font-family: verdana, geneva; font-size: small; color: #000000;\">Comunicaciones. 4 de mayo de 2016.<\/span><\/p>\n","protected":false},"excerpt":{"rendered":"<p>Hasta el 13 de mayo de 2016 se encuentra abierta la convocatoria y el proceso de inscripciones de las postulaciones para el curso de perfeccionamiento B &#8211; Learning\u00a0\u00a0\u00abEvaluaci\u00f3n de los Aprendizajes en Contexto de la Educaci\u00f3n para \u00a0Personas J\u00f3venes y Adultos\u00bb,\u00a0que \u00a0dictar\u00e1 en ocho regiones la Facultad de Ciencias de la Educaci\u00f3n de la Universidad [&hellip;]<\/p>\n","protected":false},"author":1,"featured_media":318,"comment_status":"closed","ping_status":"closed","sticky":false,"template":"","format":"standard","meta":{"_et_pb_use_builder":"","_et_pb_old_content":"","_et_gb_content_width":"","_oasis_is_in_workflow":0,"_oasis_original":0,"footnotes":""},"categories":[45],"tags":[],"class_list":["post-320","post","type-post","status-publish","format-standard","has-post-thumbnail","hentry","category-event"],"_links":{"self":[{"href":"http:\/\/educaciondeadultos.cl\/web\/wp-json\/wp\/v2\/posts\/320","targetHints":{"allow":["GET"]}}],"collection":[{"href":"http:\/\/educaciondeadultos.cl\/web\/wp-json\/wp\/v2\/posts"}],"about":[{"href":"http:\/\/educaciondeadultos.cl\/web\/wp-json\/wp\/v2\/types\/post"}],"author":[{"embeddable":true,"href":"http:\/\/educaciondeadultos.cl\/web\/wp-json\/wp\/v2\/users\/1"}],"replies":[{"embeddable":true,"href":"http:\/\/educaciondeadultos.cl\/web\/wp-json\/wp\/v2\/comments?post=320"}],"version-history":[{"count":0,"href":"http:\/\/educaciondeadultos.cl\/web\/wp-json\/wp\/v2\/posts\/320\/revisions"}],"wp:featuredmedia":[{"embeddable":true,"href":"http:\/\/educaciondeadultos.cl\/web\/wp-json\/wp\/v2\/media\/318"}],"wp:attachment":[{"href":"http:\/\/educaciondeadultos.cl\/web\/wp-json\/wp\/v2\/media?parent=320"}],"wp:term":[{"taxonomy":"category","embeddable":true,"href":"http:\/\/educaciondeadultos.cl\/web\/wp-json\/wp\/v2\/categories?post=320"},{"taxonomy":"post_tag","embeddable":true,"href":"http:\/\/educaciondeadultos.cl\/web\/wp-json\/wp\/v2\/tags?post=320"}],"curies":[{"name":"wp","href":"https:\/\/api.w.org\/{rel}","templated":true}]}}