{"id":314,"date":"2016-04-28T11:02:48","date_gmt":"2016-04-28T14:02:48","guid":{"rendered":"http:\/\/educaciondeadultos.cl\/web\/2016\/04\/28\/encuentro-tres-promociones-magister-educacion-de-adultos-y-procesos-formativos\/"},"modified":"2016-04-28T11:02:48","modified_gmt":"2016-04-28T14:02:48","slug":"encuentro-tres-promociones-magister-educacion-de-adultos-y-procesos-formativos","status":"publish","type":"post","link":"http:\/\/educaciondeadultos.cl\/web\/2016\/04\/28\/encuentro-tres-promociones-magister-educacion-de-adultos-y-procesos-formativos\/","title":{"rendered":"Encuentro tres promociones Mag\u00edster Educaci\u00f3n de Adultos y Procesos Formativos"},"content":{"rendered":"<p><img loading=\"lazy\" decoding=\"async\" class=\" size-full wp-image-312\" src=\"http:\/\/educaciondeadultos.cl\/web\/wp-content\/uploads\/2016\/04\/74f22149d4d0a3e902e5df836bce1cf3.jpg\" alt=\"\" width=\"960\" height=\"627\" srcset=\"http:\/\/educaciondeadultos.cl\/web\/wp-content\/uploads\/2016\/04\/74f22149d4d0a3e902e5df836bce1cf3.jpg 960w, http:\/\/educaciondeadultos.cl\/web\/wp-content\/uploads\/2016\/04\/74f22149d4d0a3e902e5df836bce1cf3-300x196.jpg 300w, http:\/\/educaciondeadultos.cl\/web\/wp-content\/uploads\/2016\/04\/74f22149d4d0a3e902e5df836bce1cf3-768x502.jpg 768w\" sizes=\"auto, (max-width: 960px) 100vw, 960px\" \/><\/p>\n<p><img loading=\"lazy\" decoding=\"async\" class=\" alignleft size-full wp-image-313\" src=\"http:\/\/educaciondeadultos.cl\/web\/wp-content\/uploads\/2016\/04\/encuentropromociones.jpg\" border=\"0\" alt=\"\" width=\"571\" height=\"373\" style=\"float: left;\" \/><\/p>\n<p style=\"text-align: justify;\">\u00a0<\/p>\n<p style=\"text-align: justify;\">\u00a0<\/p>\n<p style=\"text-align: justify;\"><span style=\"color: #000000; font-family: verdana, geneva; font-size: small; line-height: 1.3em;\">Las tres promociones del <\/span><strong style=\"color: #000000; font-family: verdana, geneva; font-size: small; line-height: 1.3em;\">Mag\u00edster en Educaci\u00f3n de Adultos y Procesos Formativos<\/strong><span style=\"color: #000000; font-family: verdana, geneva; font-size: small; line-height: 1.3em;\"> que imparte nuestro programa\u00a0compartieron reflexiones, intercambios de experiencias de formaci\u00f3n y propuestas de proyectos de tesis. El encuentro se realiz\u00f3 el 23 de abril del a\u00f1o en curso y cont\u00f3 con la participaci\u00f3n de los investigadores y acad\u00e9micos, Ren\u00e9 Flores y Rolando Pinto, quienes junto a la coordinadora del programa, Violeta Acu\u00f1a, analizaron la importancia de desarrollar investigaci\u00f3n y dar curso a iniciativas destinadas a promover este quehacer en nuestro pa\u00eds.<\/span><\/p>\n<p style=\"text-align: justify;\"><span style=\"font-family: verdana, geneva; font-size: small; color: #000000;\">Ver <a href=\"http:\/\/www.educaciondeadultos.cl\/index.php?option=com_k2&amp;view=item&amp;id=1254:abiertas-matriculas-magister-educacion-de-adultos-y-procesos-formativos&amp;Itemid=801\">aqu\u00ed informaciones y matr\u00edculas<\/a>.<\/span><\/p>\n<p style=\"text-align: justify;\"><span style=\"font-family: verdana, geneva; font-size: small; color: #000000;\">Comunicaciones Edja-Upla. 28 de abril 2016.<\/span><\/p>\n","protected":false},"excerpt":{"rendered":"<p>\u00a0 \u00a0 Las tres promociones del Mag\u00edster en Educaci\u00f3n de Adultos y Procesos Formativos que imparte nuestro programa\u00a0compartieron reflexiones, intercambios de experiencias de formaci\u00f3n y propuestas de proyectos de tesis. El encuentro se realiz\u00f3 el 23 de abril del a\u00f1o en curso y cont\u00f3 con la participaci\u00f3n de los investigadores y acad\u00e9micos, Ren\u00e9 Flores y [&hellip;]<\/p>\n","protected":false},"author":1,"featured_media":312,"comment_status":"closed","ping_status":"closed","sticky":false,"template":"","format":"standard","meta":{"_et_pb_use_builder":"","_et_pb_old_content":"","_et_gb_content_width":"","_oasis_is_in_workflow":0,"_oasis_original":0,"footnotes":""},"categories":[45],"tags":[],"class_list":["post-314","post","type-post","status-publish","format-standard","has-post-thumbnail","hentry","category-event"],"_links":{"self":[{"href":"http:\/\/educaciondeadultos.cl\/web\/wp-json\/wp\/v2\/posts\/314","targetHints":{"allow":["GET"]}}],"collection":[{"href":"http:\/\/educaciondeadultos.cl\/web\/wp-json\/wp\/v2\/posts"}],"about":[{"href":"http:\/\/educaciondeadultos.cl\/web\/wp-json\/wp\/v2\/types\/post"}],"author":[{"embeddable":true,"href":"http:\/\/educaciondeadultos.cl\/web\/wp-json\/wp\/v2\/users\/1"}],"replies":[{"embeddable":true,"href":"http:\/\/educaciondeadultos.cl\/web\/wp-json\/wp\/v2\/comments?post=314"}],"version-history":[{"count":0,"href":"http:\/\/educaciondeadultos.cl\/web\/wp-json\/wp\/v2\/posts\/314\/revisions"}],"wp:featuredmedia":[{"embeddable":true,"href":"http:\/\/educaciondeadultos.cl\/web\/wp-json\/wp\/v2\/media\/312"}],"wp:attachment":[{"href":"http:\/\/educaciondeadultos.cl\/web\/wp-json\/wp\/v2\/media?parent=314"}],"wp:term":[{"taxonomy":"category","embeddable":true,"href":"http:\/\/educaciondeadultos.cl\/web\/wp-json\/wp\/v2\/categories?post=314"},{"taxonomy":"post_tag","embeddable":true,"href":"http:\/\/educaciondeadultos.cl\/web\/wp-json\/wp\/v2\/tags?post=314"}],"curies":[{"name":"wp","href":"https:\/\/api.w.org\/{rel}","templated":true}]}}