{"id":308,"date":"2016-04-25T22:48:52","date_gmt":"2016-04-26T01:48:52","guid":{"rendered":"http:\/\/educaciondeadultos.cl\/web\/2016\/04\/25\/parten-las-clases-magister-de-educacion-de-adultos\/"},"modified":"2016-04-25T22:48:52","modified_gmt":"2016-04-26T01:48:52","slug":"parten-las-clases-magister-de-educacion-de-adultos","status":"publish","type":"post","link":"http:\/\/educaciondeadultos.cl\/web\/2016\/04\/25\/parten-las-clases-magister-de-educacion-de-adultos\/","title":{"rendered":"Inician clases Mag\u00edster de Educaci\u00f3n de Adultos y Procesos Formativos"},"content":{"rendered":"<p><img loading=\"lazy\" decoding=\"async\" class=\" size-full wp-image-305\" src=\"http:\/\/educaciondeadultos.cl\/web\/wp-content\/uploads\/2016\/04\/2b8ea1e633babc2d6659aba99f038fc6.jpg\" alt=\"\" width=\"480\" height=\"360\" srcset=\"http:\/\/educaciondeadultos.cl\/web\/wp-content\/uploads\/2016\/04\/2b8ea1e633babc2d6659aba99f038fc6.jpg 480w, http:\/\/educaciondeadultos.cl\/web\/wp-content\/uploads\/2016\/04\/2b8ea1e633babc2d6659aba99f038fc6-300x225.jpg 300w\" sizes=\"auto, (max-width: 480px) 100vw, 480px\" \/><\/p>\n<p><img loading=\"lazy\" decoding=\"async\" class=\" alignleft size-full wp-image-306\" src=\"http:\/\/educaciondeadultos.cl\/web\/wp-content\/uploads\/2016\/04\/upla2fincurso2016.jpg\" border=\"0\" alt=\"\" style=\"float: left;\" width=\"480\" height=\"360\" srcset=\"http:\/\/educaciondeadultos.cl\/web\/wp-content\/uploads\/2016\/04\/upla2fincurso2016.jpg 480w, http:\/\/educaciondeadultos.cl\/web\/wp-content\/uploads\/2016\/04\/upla2fincurso2016-300x225.jpg 300w\" sizes=\"auto, (max-width: 480px) 100vw, 480px\" \/><\/p>\n<p>\u00a0<\/p>\n<p>\u00a0<\/p>\n<p>\u00a0<\/p>\n<p><span style=\"font-size: small; line-height: 1.3em; font-family: verdana, geneva; color: #000000;\">El viernes 8 de abril comenzaron las clases del Mag\u00edster Educaci\u00f3n de Adultos y Procesos Formativos. La promoci\u00f3n correspondiente a 2015 parti\u00f3 con el m\u00f3dulo Investigaci\u00f3n Acci\u00f3n y Sistematizaci\u00f3n de Saberes en Contextos Comunitarios, a cargo de la Dra. Graciela Rubio y la promoci\u00f3n de 2016 con el m\u00f3dulo Pol\u00edticas P\u00fablicas en Educaci\u00f3n de Adultos, impartido por la acad\u00e9mica de la Universidad de Sao Paulo, \u00a0Dra. Mar\u00eda Clara di Pierro.<\/span><\/p>\n<p><span style=\"font-size: small; line-height: 1.3em; font-family: verdana, geneva; color: #000000;\"><img loading=\"lazy\" decoding=\"async\" class=\" alignright size-full wp-image-307\" src=\"http:\/\/educaciondeadultos.cl\/web\/wp-content\/uploads\/2016\/04\/uplaabril2016.jpg\" border=\"0\" alt=\"\" width=\"392\" height=\"294\" style=\"float: right;\" srcset=\"http:\/\/educaciondeadultos.cl\/web\/wp-content\/uploads\/2016\/04\/uplaabril2016.jpg 960w, http:\/\/educaciondeadultos.cl\/web\/wp-content\/uploads\/2016\/04\/uplaabril2016-300x225.jpg 300w, http:\/\/educaciondeadultos.cl\/web\/wp-content\/uploads\/2016\/04\/uplaabril2016-768x576.jpg 768w\" sizes=\"auto, (max-width: 392px) 100vw, 392px\" \/><\/span><\/p>\n<p style=\"text-align: justify;\">\u00a0<\/p>\n<p style=\"text-align: justify;\">\u00a0<\/p>\n<p style=\"text-align: justify;\"><span style=\"line-height: 1.3em; font-family: verdana, geneva; color: #000000; font-size: small;\">El Mag\u00edster en Educaci\u00f3n de Adultos y Procesos Formativos es un programa de car\u00e1cter acad\u00e9mico para la formaci\u00f3n de quienes se proponen estudiar y trabajar en Educaci\u00f3n de personas j\u00f3venes y adultas en todas sus modalidades (formales y no formales) en el marco del paradigma de la \u201cEducaci\u00f3n durante toda la vida\u201d promocionado por la Unesco y las agencias internacionales.<\/span><\/p>\n<p style=\"text-align: justify;\"><span style=\"line-height: 1.3em; font-family: verdana, geneva; color: #000000; font-size: small;\"><a href=\"http:\/\/www.educaciondeadultos.cl\/index.php?option=com_k2&amp;view=item&amp;id=1254:abiertas-matriculas-magister-educacion-de-adultos-y-procesos-formativos&amp;Itemid=801\">Ver aqu\u00ed <\/a>mas informaciones y matr\u00edculas.\u00a0<\/span><\/p>\n<p>Comunicaciones, 25 de abril de 2016<\/p>\n","protected":false},"excerpt":{"rendered":"<p>\u00a0 \u00a0 \u00a0 El viernes 8 de abril comenzaron las clases del Mag\u00edster Educaci\u00f3n de Adultos y Procesos Formativos. La promoci\u00f3n correspondiente a 2015 parti\u00f3 con el m\u00f3dulo Investigaci\u00f3n Acci\u00f3n y Sistematizaci\u00f3n de Saberes en Contextos Comunitarios, a cargo de la Dra. Graciela Rubio y la promoci\u00f3n de 2016 con el m\u00f3dulo Pol\u00edticas P\u00fablicas en [&hellip;]<\/p>\n","protected":false},"author":1,"featured_media":305,"comment_status":"closed","ping_status":"closed","sticky":false,"template":"","format":"standard","meta":{"_et_pb_use_builder":"","_et_pb_old_content":"","_et_gb_content_width":"","_oasis_is_in_workflow":0,"_oasis_original":0,"footnotes":""},"categories":[45],"tags":[],"class_list":["post-308","post","type-post","status-publish","format-standard","has-post-thumbnail","hentry","category-event"],"_links":{"self":[{"href":"http:\/\/educaciondeadultos.cl\/web\/wp-json\/wp\/v2\/posts\/308","targetHints":{"allow":["GET"]}}],"collection":[{"href":"http:\/\/educaciondeadultos.cl\/web\/wp-json\/wp\/v2\/posts"}],"about":[{"href":"http:\/\/educaciondeadultos.cl\/web\/wp-json\/wp\/v2\/types\/post"}],"author":[{"embeddable":true,"href":"http:\/\/educaciondeadultos.cl\/web\/wp-json\/wp\/v2\/users\/1"}],"replies":[{"embeddable":true,"href":"http:\/\/educaciondeadultos.cl\/web\/wp-json\/wp\/v2\/comments?post=308"}],"version-history":[{"count":0,"href":"http:\/\/educaciondeadultos.cl\/web\/wp-json\/wp\/v2\/posts\/308\/revisions"}],"wp:featuredmedia":[{"embeddable":true,"href":"http:\/\/educaciondeadultos.cl\/web\/wp-json\/wp\/v2\/media\/305"}],"wp:attachment":[{"href":"http:\/\/educaciondeadultos.cl\/web\/wp-json\/wp\/v2\/media?parent=308"}],"wp:term":[{"taxonomy":"category","embeddable":true,"href":"http:\/\/educaciondeadultos.cl\/web\/wp-json\/wp\/v2\/categories?post=308"},{"taxonomy":"post_tag","embeddable":true,"href":"http:\/\/educaciondeadultos.cl\/web\/wp-json\/wp\/v2\/tags?post=308"}],"curies":[{"name":"wp","href":"https:\/\/api.w.org\/{rel}","templated":true}]}}