{"id":304,"date":"2016-03-21T23:30:32","date_gmt":"2016-03-22T02:30:32","guid":{"rendered":"http:\/\/educaciondeadultos.cl\/web\/2016\/03\/21\/abiertas-matriculas-magister-educacion-de-adultos-y-procesos-formativos\/"},"modified":"2016-03-21T23:30:32","modified_gmt":"2016-03-22T02:30:32","slug":"abiertas-matriculas-magister-educacion-de-adultos-y-procesos-formativos","status":"publish","type":"post","link":"http:\/\/educaciondeadultos.cl\/web\/2016\/03\/21\/abiertas-matriculas-magister-educacion-de-adultos-y-procesos-formativos\/","title":{"rendered":"Abiertas matr\u00edculas Mag\u00edster Educaci\u00f3n de Adultos y Procesos Formativos"},"content":{"rendered":"<p><img loading=\"lazy\" decoding=\"async\" class=\" size-full wp-image-302\" src=\"http:\/\/educaciondeadultos.cl\/web\/wp-content\/uploads\/2016\/03\/63de4f3c6303b2f95afa397bd1aa79d0.jpg\" alt=\"\" width=\"640\" height=\"320\" srcset=\"http:\/\/educaciondeadultos.cl\/web\/wp-content\/uploads\/2016\/03\/63de4f3c6303b2f95afa397bd1aa79d0.jpg 640w, http:\/\/educaciondeadultos.cl\/web\/wp-content\/uploads\/2016\/03\/63de4f3c6303b2f95afa397bd1aa79d0-300x150.jpg 300w\" sizes=\"auto, (max-width: 640px) 100vw, 640px\" \/><\/p>\n<p><span style=\"color: #000000;\"><img loading=\"lazy\" decoding=\"async\" class=\" alignright size-full wp-image-303\" src=\"http:\/\/educaciondeadultos.cl\/web\/wp-content\/uploads\/2016\/03\/2013_1210_postgrado_fotografias_magister_educacion_adultos_640.jpg\" border=\"0\" alt=\"\" width=\"490\" height=\"245\" style=\"float: right;\" \/>Abiertas se encuentran las inscripciones para cursar el Mag\u00edster\u00a0de Educaci\u00f3n de Adultos y Procesos Formativos que imparte el Programa Disciplinario de Educaci\u00f3n de Adultos y J\u00f3venes de la Facultad de Educaci\u00f3n de la Universidad de Playa Ancha de Valpara\u00edso.<\/span><\/p>\n<p style=\"text-align: left;\"><span style=\"color: #000000;\">Con una una duraci\u00f3n de dos a\u00f1os y dirigido a\u00a0\u00a0profesionales de la educaci\u00f3n, de las ciencias sociales, de la salud, del trabajo social, de la gesti\u00f3n de empresas y organizaciones interesadas en la formaci\u00f3n permanente de las personas, el Mag\u00edster\u00a0es un programa de car\u00e1cter acad\u00e9mico orientado a potenciar las capacidades anal\u00edticas, desarrollo pedag\u00f3gico y de investigaci\u00f3n requeridas para ejercer labores de estudio, docencia, liderazgo y producci\u00f3n de conocimientos en los diversos \u00e1mbitos tem\u00e1ticos y modalidades de la educaci\u00f3n de adultos orientada al desarrollo de capacidades en el mundo social, laboral, tecnol\u00f3gico y ciudadano\u00a0(escolares, comunitarias, formaci\u00f3n laboral, capacitaci\u00f3n, educaci\u00f3n ciudadana, entre otros procesos formativos).<\/span><\/p>\n<p style=\"text-align: justify;\"><span style=\"color: #000000;\">El mag\u00edster es impartido por un cuerpo de docentes de\u00a0reconocida trayectoria en el campo de la investigaci\u00f3n, docencia acad\u00e9mica y gesti\u00f3n de pol\u00edticas p\u00fablicas educativas, quienes, aplicando\u00a0metodolog\u00edas de trabajo participativo\u00a0en el desarrollo de los distintos m\u00f3dulos organizados en funci\u00f3n del conocimiento disponible m\u00e1s reciente, de las investigaciones de avanzada, de estudios de casos relevantes y organizados, se proponen\u00a0crear competencias generales y espec\u00edficas en los estudiantes que los habiliten para desarrollar investigaciones y dirigir procesos formativos en el contexto de la sociedad del conocimiento.\u00a0<\/span><\/p>\n<p style=\"text-align: justify;\"><span style=\"color: #000000;\"><strong>Cuerpo Acad\u00e9mico<\/strong>\u00a0<\/span><\/p>\n<p style=\"text-align: justify;\"><span style=\"color: #000000;\"><strong>Antonio Di Fazio Corrado<\/strong>.\u00a0Doctor en Econom\u00eda, Universidad de Torino, Italia;\u00a0<strong>Carlos Calvo Mu\u00f1oz<\/strong>.\u00a0Ph. D en Educaci\u00f3n, Universidad de Standford, Estados Unidos;<strong>\u00a0<\/strong><strong>Cesar Pic\u00f3n Espinoza<\/strong>.\u00a0Doctor en Educaci\u00f3n, Universidad Nacional Mayor de San Marcos, Lima, Per\u00fa;\u00a0<strong>Eduardo Cavieres Fern\u00e1ndez<\/strong>.\u00a0Ph.D. en Educaci\u00f3n, Universidad de Wisconsin-Madison, Estados Unidos;\u00a0<strong>Emilio Coral Garc\u00eda<\/strong>.\u00a0Ph.D. en Historia Social, con especialidad en Gobierno y Econom\u00eda, Universidad de Georgetown, Estados Unidos;\u00a0<strong>Emilio Lucio Villegas<\/strong>.\u00a0Doctor en Ciencias de la Educaci\u00f3n, Universidad de Sevilla, Espa\u00f1a;\u00a0<strong>Eusebio N\u00e1jera Mart\u00ednez<\/strong>.\u00a0Mag\u00edster en Educaci\u00f3n, menci\u00f3n Educaci\u00f3n de Adultos y J\u00f3venes, Universidad Metropolitana de Ciencias de la Educaci\u00f3n (UMCE), Chile;\u00a0<strong>Graciela Rubio Soto<\/strong>.\u00a0Doctora en Educaci\u00f3n, Universidad de Granada, Espa\u00f1a;\u00a0<strong>Guillermo Williamson Castro<\/strong>.\u00a0Doctor en Educaci\u00f3n, Universidad Estatal de Campinas, Brasil;\u00a0<strong>Jorge Jeria Gonz\u00e1lez<\/strong>.\u00a0Ph.D. en Educaci\u00f3n, Universidad Estatal de Iowa, Estados Unidos;\u00a0<strong>Patricia Mu\u00f1oz Salaza<\/strong>r.\u00a0Ph.D. en Sociolog\u00eda, Universidad Estatal de Pensylvania, Estados Unidos;\u00a0<strong>Ren\u00e9 Flores Castillo<\/strong>.\u00a0Doctor en Psicolog\u00eda Escolar y Desarrollo, Universidad Complutense, Espa\u00f1a;\u00a0<strong>Rolando Pinto Contreras<\/strong>.\u00a0Doctor en Ciencias de la Educaci\u00f3n, Universidad Cat\u00f3lica de Leuven, Lovaina, B\u00e9lgica;\u00a0<strong>Violeta Acu\u00f1a Collado<\/strong>.\u00a0Doctora en Educaci\u00f3n de Personas y Aprendizaje, Universidad Cat\u00f3lica del Sagrado Coraz\u00f3n de Mil\u00e1n, Italia.\u00a0<\/span><\/p>\n<p style=\"text-align: justify;\"><span style=\"color: #000000;\"><strong>M\u00e1s informaciones<\/strong>:\u00a0<a href=\"http:\/\/www.upla.cl\/postgrado\/magisteres\/educacion-de-adultos-y-procesos-formativos\/\"><span style=\"color: #000000;\">Facultad de Educaci\u00f2n UPLA<\/span><\/a>\u00a0 &#8211; mail: \u00a0\u00a0<a href=\"mailto:upla.adultos@gmail.com\"><span style=\"color: #000000;\">upla.adultos@gmail.com<\/span><\/a><\/span><\/p>\n<p style=\"text-align: justify;\"><span style=\"color: #000000;\">21 de marzo de 2016.<\/span><\/p>\n","protected":false},"excerpt":{"rendered":"<p>Abiertas se encuentran las inscripciones para cursar el Mag\u00edster\u00a0de Educaci\u00f3n de Adultos y Procesos Formativos que imparte el Programa Disciplinario de Educaci\u00f3n de Adultos y J\u00f3venes de la Facultad de Educaci\u00f3n de la Universidad de Playa Ancha de Valpara\u00edso. Con una una duraci\u00f3n de dos a\u00f1os y dirigido a\u00a0\u00a0profesionales de la educaci\u00f3n, de las ciencias [&hellip;]<\/p>\n","protected":false},"author":1,"featured_media":302,"comment_status":"closed","ping_status":"closed","sticky":false,"template":"","format":"standard","meta":{"_et_pb_use_builder":"","_et_pb_old_content":"","_et_gb_content_width":"","_oasis_is_in_workflow":0,"_oasis_original":0,"footnotes":""},"categories":[45],"tags":[],"class_list":["post-304","post","type-post","status-publish","format-standard","has-post-thumbnail","hentry","category-event"],"_links":{"self":[{"href":"http:\/\/educaciondeadultos.cl\/web\/wp-json\/wp\/v2\/posts\/304","targetHints":{"allow":["GET"]}}],"collection":[{"href":"http:\/\/educaciondeadultos.cl\/web\/wp-json\/wp\/v2\/posts"}],"about":[{"href":"http:\/\/educaciondeadultos.cl\/web\/wp-json\/wp\/v2\/types\/post"}],"author":[{"embeddable":true,"href":"http:\/\/educaciondeadultos.cl\/web\/wp-json\/wp\/v2\/users\/1"}],"replies":[{"embeddable":true,"href":"http:\/\/educaciondeadultos.cl\/web\/wp-json\/wp\/v2\/comments?post=304"}],"version-history":[{"count":0,"href":"http:\/\/educaciondeadultos.cl\/web\/wp-json\/wp\/v2\/posts\/304\/revisions"}],"wp:featuredmedia":[{"embeddable":true,"href":"http:\/\/educaciondeadultos.cl\/web\/wp-json\/wp\/v2\/media\/302"}],"wp:attachment":[{"href":"http:\/\/educaciondeadultos.cl\/web\/wp-json\/wp\/v2\/media?parent=304"}],"wp:term":[{"taxonomy":"category","embeddable":true,"href":"http:\/\/educaciondeadultos.cl\/web\/wp-json\/wp\/v2\/categories?post=304"},{"taxonomy":"post_tag","embeddable":true,"href":"http:\/\/educaciondeadultos.cl\/web\/wp-json\/wp\/v2\/tags?post=304"}],"curies":[{"name":"wp","href":"https:\/\/api.w.org\/{rel}","templated":true}]}}