{"id":301,"date":"2016-01-07T21:20:17","date_gmt":"2016-01-08T00:20:17","guid":{"rendered":"http:\/\/educaciondeadultos.cl\/web\/2016\/01\/07\/presentan-segunda-edicion-de-revista-digital-educacion-de-adultos-y-procesos-formativos\/"},"modified":"2016-01-07T21:20:17","modified_gmt":"2016-01-08T00:20:17","slug":"presentan-segunda-edicion-de-revista-digital-educacion-de-adultos-y-procesos-formativos","status":"publish","type":"post","link":"http:\/\/educaciondeadultos.cl\/web\/2016\/01\/07\/presentan-segunda-edicion-de-revista-digital-educacion-de-adultos-y-procesos-formativos\/","title":{"rendered":"Presentan segunda edici\u00f3n de revista digital \u201cEducaci\u00f3n de Adultos y Procesos Formativos\u201d"},"content":{"rendered":"<p><img loading=\"lazy\" decoding=\"async\" class=\" size-full wp-image-296\" src=\"http:\/\/educaciondeadultos.cl\/web\/wp-content\/uploads\/2016\/01\/07758ee08f7e16a0b15b0d98a56d204a.jpg\" alt=\"\" width=\"640\" height=\"427\" srcset=\"http:\/\/educaciondeadultos.cl\/web\/wp-content\/uploads\/2016\/01\/07758ee08f7e16a0b15b0d98a56d204a.jpg 640w, http:\/\/educaciondeadultos.cl\/web\/wp-content\/uploads\/2016\/01\/07758ee08f7e16a0b15b0d98a56d204a-300x200.jpg 300w\" sizes=\"auto, (max-width: 640px) 100vw, 640px\" \/><\/p>\n<p><img loading=\"lazy\" decoding=\"async\" class=\" alignleft size-full wp-image-297\" src=\"http:\/\/educaciondeadultos.cl\/web\/wp-content\/uploads\/2016\/01\/revista_educadultos_upla_1.jpg\" border=\"0\" alt=\"\" width=\"473\" height=\"314\" style=\"float: left;\" \/><span style=\"color: #000000; font-family: verdana, geneva; font-size: small;\">Son dos las publicaciones que existen actualmente en el continente sobre Educaci\u00f3n de Adultos, las que dependen del (CREFAL). A ellas se sum\u00f3 la\u00a0<strong><a href=\"http:\/\/www.educaciondeadultosprocesosformativos.cl\/\"><span style=\"color: #000000;\">revista digital \u201cEducaci\u00f3n de Adultos y Procesos Formativos\u201d<\/span><\/a><\/strong>, que edita el\u00a0<strong><a href=\"http:\/\/www.educaciondeadultos.cl\/\"><span style=\"color: #000000;\">Programa de Desarrollo Disciplinario en Educaci\u00f3n de J\u00f3venes y Adultos de la Universidad de Playa Ancha<\/span><\/a><\/strong>.<\/span><\/p>\n<p><span style=\"color: #000000; font-family: verdana, geneva; font-size: small;\">En dependencias de la Facultad de Ciencias de Educaci\u00f3n se present\u00f3 esta publicaci\u00f3n que se propone abrir un espacio de difusi\u00f3n, encuentro, reflexi\u00f3n y debate pedag\u00f3gico respecto del estado de situaci\u00f3n y proyecciones de la educaci\u00f3n de adultos, entre la comunidad educativa y los especialistas en la materia.<\/span><\/p>\n<p><span style=\"color: #000000; font-family: verdana, geneva; font-size: small;\">La revista, acreditada por ISSN 0719-6997 y dirigida por la\u00a0<strong>coordinadora del Programa de Desarrollo Disciplinario de Educaci\u00f3n de J\u00f3venes y Adultos de la UPLA, Dra. Violeta Acu\u00f1a Collado<\/strong>, cuenta con un Consejo Editorial integrado por referentes internacionales en esta materia a nivel mundial.<\/span><\/p>\n<p style=\"text-align: left;\"><span style=\"color: #000000; font-family: verdana, geneva; font-size: small;\"><img loading=\"lazy\" decoding=\"async\" class=\" alignright size-full wp-image-298\" src=\"http:\/\/educaciondeadultos.cl\/web\/wp-content\/uploads\/2016\/01\/revis1.jpg\" border=\"0\" alt=\"\" width=\"380\" height=\"253\" style=\"float: right;\" srcset=\"http:\/\/educaciondeadultos.cl\/web\/wp-content\/uploads\/2016\/01\/revis1.jpg 640w, http:\/\/educaciondeadultos.cl\/web\/wp-content\/uploads\/2016\/01\/revis1-300x200.jpg 300w\" sizes=\"auto, (max-width: 380px) 100vw, 380px\" \/>La\u00a0<strong>Dra. Acu\u00f1a<\/strong>\u00a0expres\u00f3 que esta publicaci\u00f3n se orienta a contribuir a la calidad y excelencia en la formaci\u00f3n integral de profesionales y al fortalecimiento de las capacidades de todos los actores de la educaci\u00f3n que trabajan por el desarrollo de sociedades de aprendizajes justas e inclusivas.<\/span><\/p>\n<p><span style=\"color: #000000; font-family: verdana, geneva; font-size: small;\">El\u00a0<strong>coordinador editorial, Jorge Osorio Vargas<\/strong>, destac\u00f3 que el valor de esta revista est\u00e1 dado por presentar una perspectiva cr\u00edtica sobre la educaci\u00f3n de adultos desde el sur del continente, que la alza como un espacio acad\u00e9mico e investigativo para debatir asuntos claves sobre los procesos formativos que se dan durante toda la vida.<\/span><\/p>\n<p><span style=\"color: #000000; font-family: verdana, geneva; font-size: small;\">Siguiendo esa premisa plante\u00f3 tres importantes desaf\u00edos en el mediano plazo, como son: transformarse en una revista cient\u00edfica y acad\u00e9mica indexada; luego que se incorpore a los debates p\u00fablicos de quienes gestionan las pol\u00edticas p\u00fablicas como material de consulta y que influya en la toma de decisiones, y finalmente que sea conocida por los propios docentes que est\u00e1n terreno desarrollando laborales en la educaci\u00f3n de adultos en el plano formal e informal y en contextos abiertos y de encierro.<\/span><\/p>\n<p><span style=\"color: #000000; font-family: verdana, geneva; font-size: small;\"><img loading=\"lazy\" decoding=\"async\" class=\" alignleft size-full wp-image-299\" src=\"http:\/\/educaciondeadultos.cl\/web\/wp-content\/uploads\/2016\/01\/revis2.jpg\" border=\"0\" alt=\"\" width=\"317\" height=\"211\" style=\"float: left;\" srcset=\"http:\/\/educaciondeadultos.cl\/web\/wp-content\/uploads\/2016\/01\/revis2.jpg 640w, http:\/\/educaciondeadultos.cl\/web\/wp-content\/uploads\/2016\/01\/revis2-300x200.jpg 300w\" sizes=\"auto, (max-width: 317px) 100vw, 317px\" \/>Finalmente, el\u00a0<strong>decano de la Facultad de Ciencias de la Educaci\u00f3n, Dr. Luis Alberto D\u00edaz<\/strong>, reconoci\u00f3 y valor\u00f3 el liderazgo y el trabajo que realiza el Programa Disciplinario de Educaci\u00f3n de J\u00f3venes y Adultos, y dijo que con esta revista se constituye en un ep\u00f3nimo de la educaci\u00f3n de adultos, instando a continuar este empuje creativo con mirada a convertirse en un referente orientado a incidir en pol\u00edticas y programas a nivel de pa\u00eds para hacer cada d\u00eda m\u00e1s grande a Chile, sus hijos y nietos.<\/span><\/p>\n<h5><span style=\"font-size: small; color: #000000; font-family: verdana, geneva;\"><strong>Revista digital \u201cEducaci\u00f3n de Adultos y Procesos Formativos\u201d<\/strong><\/span><\/h5>\n<p><span style=\"color: #000000; font-family: verdana, geneva; font-size: small;\">La segunda edici\u00f3n fue analizada por el\u00a0<strong>Dr. Carlos Calvo, director del Doctorado en Educaci\u00f3n con menci\u00f3n en Mediaci\u00f3n Pedag\u00f3gica de la Universidad de La Serena<\/strong>, quien felicit\u00f3 el trabajo investigativo que congreg\u00f3 a especialistas de Per\u00fa, Espa\u00f1a, Argentina, Colombia, Uruguay y Chile.<\/span><\/p>\n<p><span style=\"color: #000000; font-family: verdana, geneva; font-size: small;\"><img loading=\"lazy\" decoding=\"async\" class=\" alignleft size-full wp-image-300\" src=\"http:\/\/educaciondeadultos.cl\/web\/wp-content\/uploads\/2016\/01\/revis3.jpg\" border=\"0\" alt=\"\" width=\"318\" height=\"212\" style=\"float: left;\" srcset=\"http:\/\/educaciondeadultos.cl\/web\/wp-content\/uploads\/2016\/01\/revis3.jpg 640w, http:\/\/educaciondeadultos.cl\/web\/wp-content\/uploads\/2016\/01\/revis3-300x200.jpg 300w\" sizes=\"auto, (max-width: 318px) 100vw, 318px\" \/>Se trata de siete art\u00edculos que abordan la situaci\u00f3n actual y los desaf\u00edos post 2015 en materias de Educaci\u00f3n de J\u00f3venes y Adultos en Chile; an\u00e1lisis cr\u00edtico de la situaci\u00f3n presente de la educaci\u00f3n de j\u00f3venes y adultos de Am\u00e9rica Latina y El Caribe; la experiencia de Uruguay y Colombia; propuesta de un proceso de introducci\u00f3n del enfoque de las competencias en las pr\u00e1cticas educativas; los desaf\u00edos frente las nuevas din\u00e1micas culturales, sociales y pedag\u00f3gicas de la llamada sociedad del conocimiento; los postulados humanistas de Paulo Freire y finamente los resultados de una investigaci\u00f3n sobre experiencias pedag\u00f3gicas en Valpara\u00edso.<\/span><\/p>\n<p><span style=\"color: #000000; font-family: verdana, geneva; font-size: small;\">La\u00a0<strong>revista \u201cEducaci\u00f3n de Adultos y Procesos Formativos\u201d<\/strong>\u00a0puede ser consultada en el siguiente link:\u00a0<a href=\"http:\/\/www.educaciondeadultosprocesosformativos.cl\/\"><span style=\"color: #000000;\">http:\/\/www.educaciondeadultosprocesosformativos.cl\/<\/span><\/a><\/span><\/p>\n<p><span style=\"color: #000000; font-family: verdana, geneva; font-size: small;\">Fuente: UPLA Noticias. 7 de enero 2016<\/span><\/p>\n<div id=\"gallery-1\" class=\"gallery galleryid-81973 gallery-columns-3 gallery-size-thumbnail\">\u00a0<\/div>\n","protected":false},"excerpt":{"rendered":"<p>Son dos las publicaciones que existen actualmente en el continente sobre Educaci\u00f3n de Adultos, las que dependen del (CREFAL). A ellas se sum\u00f3 la\u00a0revista digital \u201cEducaci\u00f3n de Adultos y Procesos Formativos\u201d, que edita el\u00a0Programa de Desarrollo Disciplinario en Educaci\u00f3n de J\u00f3venes y Adultos de la Universidad de Playa Ancha. En dependencias de la Facultad de [&hellip;]<\/p>\n","protected":false},"author":1,"featured_media":296,"comment_status":"closed","ping_status":"closed","sticky":false,"template":"","format":"standard","meta":{"_et_pb_use_builder":"","_et_pb_old_content":"","_et_gb_content_width":"","_oasis_is_in_workflow":0,"_oasis_original":0,"footnotes":""},"categories":[45],"tags":[109],"class_list":["post-301","post","type-post","status-publish","format-standard","has-post-thumbnail","hentry","category-event","tag-revista-educacion-de-adultos-y-procesos-formativos"],"_links":{"self":[{"href":"http:\/\/educaciondeadultos.cl\/web\/wp-json\/wp\/v2\/posts\/301","targetHints":{"allow":["GET"]}}],"collection":[{"href":"http:\/\/educaciondeadultos.cl\/web\/wp-json\/wp\/v2\/posts"}],"about":[{"href":"http:\/\/educaciondeadultos.cl\/web\/wp-json\/wp\/v2\/types\/post"}],"author":[{"embeddable":true,"href":"http:\/\/educaciondeadultos.cl\/web\/wp-json\/wp\/v2\/users\/1"}],"replies":[{"embeddable":true,"href":"http:\/\/educaciondeadultos.cl\/web\/wp-json\/wp\/v2\/comments?post=301"}],"version-history":[{"count":0,"href":"http:\/\/educaciondeadultos.cl\/web\/wp-json\/wp\/v2\/posts\/301\/revisions"}],"wp:featuredmedia":[{"embeddable":true,"href":"http:\/\/educaciondeadultos.cl\/web\/wp-json\/wp\/v2\/media\/296"}],"wp:attachment":[{"href":"http:\/\/educaciondeadultos.cl\/web\/wp-json\/wp\/v2\/media?parent=301"}],"wp:term":[{"taxonomy":"category","embeddable":true,"href":"http:\/\/educaciondeadultos.cl\/web\/wp-json\/wp\/v2\/categories?post=301"},{"taxonomy":"post_tag","embeddable":true,"href":"http:\/\/educaciondeadultos.cl\/web\/wp-json\/wp\/v2\/tags?post=301"}],"curies":[{"name":"wp","href":"https:\/\/api.w.org\/{rel}","templated":true}]}}