{"id":295,"date":"2015-12-21T20:49:06","date_gmt":"2015-12-21T23:49:06","guid":{"rendered":"http:\/\/educaciondeadultos.cl\/web\/2015\/12\/21\/magister-educacion-de-adultos-y-procesos-formativos\/"},"modified":"2015-12-21T20:49:06","modified_gmt":"2015-12-21T23:49:06","slug":"magister-educacion-de-adultos-y-procesos-formativos","status":"publish","type":"post","link":"http:\/\/educaciondeadultos.cl\/web\/2015\/12\/21\/magister-educacion-de-adultos-y-procesos-formativos\/","title":{"rendered":"Mag\u00edster Educaci\u00f3n de Adultos y Procesos Formativos"},"content":{"rendered":"<p><img loading=\"lazy\" decoding=\"async\" class=\" size-full wp-image-293\" src=\"http:\/\/educaciondeadultos.cl\/web\/wp-content\/uploads\/2015\/12\/a111f23c16ea3f29e72a482eced3b5eb.jpg\" alt=\"\" width=\"960\" height=\"640\" srcset=\"http:\/\/educaciondeadultos.cl\/web\/wp-content\/uploads\/2015\/12\/a111f23c16ea3f29e72a482eced3b5eb.jpg 960w, http:\/\/educaciondeadultos.cl\/web\/wp-content\/uploads\/2015\/12\/a111f23c16ea3f29e72a482eced3b5eb-300x200.jpg 300w, http:\/\/educaciondeadultos.cl\/web\/wp-content\/uploads\/2015\/12\/a111f23c16ea3f29e72a482eced3b5eb-768x512.jpg 768w\" sizes=\"auto, (max-width: 960px) 100vw, 960px\" \/><\/p>\n<p><img loading=\"lazy\" decoding=\"async\" class=\" alignleft size-full wp-image-294\" src=\"http:\/\/educaciondeadultos.cl\/web\/wp-content\/uploads\/2015\/12\/magister2015.jpg\" border=\"0\" alt=\"\" width=\"631\" height=\"420\" style=\"float: left;\" srcset=\"http:\/\/educaciondeadultos.cl\/web\/wp-content\/uploads\/2015\/12\/magister2015.jpg 960w, http:\/\/educaciondeadultos.cl\/web\/wp-content\/uploads\/2015\/12\/magister2015-300x200.jpg 300w, http:\/\/educaciondeadultos.cl\/web\/wp-content\/uploads\/2015\/12\/magister2015-768x512.jpg 768w\" sizes=\"auto, (max-width: 631px) 100vw, 631px\" \/><\/p>\n<p>\u00a0<\/p>\n<p>\u00a0<\/p>\n<p><span style=\"color: #000000; font-family: verdana, geneva; font-size: small;\">Encuentro de estudiantes de las promociones 2014 y 2015 del Mag\u00edster Educaci\u00f3n de Adultos y Procesos Formativos durante una de las clases impartida por el acad\u00e9mico Rolando Pinto Contreras, doctor en Ciencias de la Educaci\u00f3n, Universidad Cat\u00f3lica de Lovaina, B\u00e9lgica; docente en innovaciones educativas y curriculares de la Educaci\u00f3n y procesos formativos de adultos.<\/span><\/p>\n<p><span style=\"color: #000000; font-family: verdana, geneva; font-size: small; line-height: 1.3em;\">En la fotograf\u00eda, un grupo de los profesionales que han iniciado su especializaci\u00f3n en el Programa Disciplinario de Educaci\u00f3n de J\u00f3venes y Adultos de la Facultad de Ciencias de la Educaci\u00f3n, Universidad de Playa Ancha.<\/span><span style=\"color: #000000; font-family: verdana, geneva; font-size: small; line-height: 1.3em;\"><br \/><\/span><\/p>\n<p><span style=\"color: #000000; font-family: verdana, geneva; font-size: small; line-height: 1.3em;\">M\u00e1s informaciones del mag\u00edster: \u00a0<\/span><a href=\"http:\/\/www.upla.cl\/postgrado\/magisteres\/educacion-de-adultos-y-procesos-formativos\/\" style=\"font-family: verdana, geneva; font-size: small; line-height: 1.3em;\"><span style=\"color: #000000;\">Ver aqu\u00ed<\/span><\/a><span style=\"color: #000000; font-family: verdana, geneva; font-size: small; line-height: 1.3em;\">.\u00a0<\/span><\/p>\n<p><span style=\"color: #000000; font-family: verdana, geneva; font-size: small;\">21 de diciembre 2015.<\/span><\/p>\n","protected":false},"excerpt":{"rendered":"<p>\u00a0 \u00a0 Encuentro de estudiantes de las promociones 2014 y 2015 del Mag\u00edster Educaci\u00f3n de Adultos y Procesos Formativos durante una de las clases impartida por el acad\u00e9mico Rolando Pinto Contreras, doctor en Ciencias de la Educaci\u00f3n, Universidad Cat\u00f3lica de Lovaina, B\u00e9lgica; docente en innovaciones educativas y curriculares de la Educaci\u00f3n y procesos formativos de [&hellip;]<\/p>\n","protected":false},"author":1,"featured_media":293,"comment_status":"closed","ping_status":"closed","sticky":false,"template":"","format":"standard","meta":{"_et_pb_use_builder":"","_et_pb_old_content":"","_et_gb_content_width":"","_oasis_is_in_workflow":0,"_oasis_original":0,"footnotes":""},"categories":[45],"tags":[],"class_list":["post-295","post","type-post","status-publish","format-standard","has-post-thumbnail","hentry","category-event"],"_links":{"self":[{"href":"http:\/\/educaciondeadultos.cl\/web\/wp-json\/wp\/v2\/posts\/295","targetHints":{"allow":["GET"]}}],"collection":[{"href":"http:\/\/educaciondeadultos.cl\/web\/wp-json\/wp\/v2\/posts"}],"about":[{"href":"http:\/\/educaciondeadultos.cl\/web\/wp-json\/wp\/v2\/types\/post"}],"author":[{"embeddable":true,"href":"http:\/\/educaciondeadultos.cl\/web\/wp-json\/wp\/v2\/users\/1"}],"replies":[{"embeddable":true,"href":"http:\/\/educaciondeadultos.cl\/web\/wp-json\/wp\/v2\/comments?post=295"}],"version-history":[{"count":0,"href":"http:\/\/educaciondeadultos.cl\/web\/wp-json\/wp\/v2\/posts\/295\/revisions"}],"wp:featuredmedia":[{"embeddable":true,"href":"http:\/\/educaciondeadultos.cl\/web\/wp-json\/wp\/v2\/media\/293"}],"wp:attachment":[{"href":"http:\/\/educaciondeadultos.cl\/web\/wp-json\/wp\/v2\/media?parent=295"}],"wp:term":[{"taxonomy":"category","embeddable":true,"href":"http:\/\/educaciondeadultos.cl\/web\/wp-json\/wp\/v2\/categories?post=295"},{"taxonomy":"post_tag","embeddable":true,"href":"http:\/\/educaciondeadultos.cl\/web\/wp-json\/wp\/v2\/tags?post=295"}],"curies":[{"name":"wp","href":"https:\/\/api.w.org\/{rel}","templated":true}]}}