{"id":292,"date":"2015-12-16T15:31:39","date_gmt":"2015-12-16T18:31:39","guid":{"rendered":"http:\/\/educaciondeadultos.cl\/web\/2015\/12\/16\/en-upla-jovenes-y-adultos-completaron-estudios-de-ensenanza-basica-y-media\/"},"modified":"2015-12-16T15:31:39","modified_gmt":"2015-12-16T18:31:39","slug":"en-upla-jovenes-y-adultos-completaron-estudios-de-ensenanza-basica-y-media","status":"publish","type":"post","link":"http:\/\/educaciondeadultos.cl\/web\/2015\/12\/16\/en-upla-jovenes-y-adultos-completaron-estudios-de-ensenanza-basica-y-media\/","title":{"rendered":"En UPLA j\u00f3venes y adultos completaron estudios de ense\u00f1anza b\u00e1sica y media"},"content":{"rendered":"<p><img loading=\"lazy\" decoding=\"async\" class=\" size-full wp-image-284\" src=\"http:\/\/educaciondeadultos.cl\/web\/wp-content\/uploads\/2015\/12\/3bbd7eba6b043fd8a3819fa2bb9dd9c9.jpg\" alt=\"\" width=\"640\" height=\"407\" srcset=\"http:\/\/educaciondeadultos.cl\/web\/wp-content\/uploads\/2015\/12\/3bbd7eba6b043fd8a3819fa2bb9dd9c9.jpg 640w, http:\/\/educaciondeadultos.cl\/web\/wp-content\/uploads\/2015\/12\/3bbd7eba6b043fd8a3819fa2bb9dd9c9-300x191.jpg 300w\" sizes=\"auto, (max-width: 640px) 100vw, 640px\" \/><\/p>\n<p><span style=\"font-family: verdana, geneva; font-size: small;\"><img loading=\"lazy\" decoding=\"async\" class=\" alignleft size-full wp-image-285\" src=\"http:\/\/educaciondeadultos.cl\/web\/wp-content\/uploads\/2015\/12\/certificacion_nivelacion_eduacion_2015-5.jpg\" border=\"0\" alt=\"\" width=\"479\" height=\"306\" style=\"float: left;\" srcset=\"http:\/\/educaciondeadultos.cl\/web\/wp-content\/uploads\/2015\/12\/certificacion_nivelacion_eduacion_2015-5.jpg 640w, http:\/\/educaciondeadultos.cl\/web\/wp-content\/uploads\/2015\/12\/certificacion_nivelacion_eduacion_2015-5-300x191.jpg 300w\" sizes=\"auto, (max-width: 479px) 100vw, 479px\" \/><span style=\"color: #000000;\">Cerrar un ciclo con nuevas competencias y avanzar en la formaci\u00f3n acad\u00e9mica fue lo que celebraron en la Universidad de Playa Ancha 29 j\u00f3venes y adultos, que completaron sus estudios de ense\u00f1anza b\u00e1sica y media en dicha instituci\u00f3n.<\/span><\/span><\/p>\n<p><span style=\"font-family: verdana, geneva; font-size: small; color: #000000;\">Gracias al programa gratuito de\u00a0<strong>Nivelaci\u00f3n de Estudios de Ense\u00f1anza B\u00e1sica y Media<\/strong>, impartido por segundo a\u00f1o a personas mayores de 18 a\u00f1os, la UPLA certific\u00f3 a quienes retomaron sus estudios inconclusos.<\/span><\/p>\n<p><span style=\"font-family: verdana, geneva; font-size: small; color: #000000;\"><img loading=\"lazy\" decoding=\"async\" class=\" alignright size-full wp-image-286\" src=\"http:\/\/educaciondeadultos.cl\/web\/wp-content\/uploads\/2015\/12\/vivian_astudillo_upla-300x250.jpg\" border=\"0\" alt=\"\" width=\"250\" height=\"209\" style=\"float: right;\" \/>Mediante una modalidad flexible, los cursos se desarrollaron a trav\u00e9s del Programa\u00a0<strong>Disciplinario de Educaci\u00f3n de J\u00f3venes y Adultos de la Facultad de Ciencias de la Educaci\u00f3n<\/strong>.<\/span><\/p>\n<p><span style=\"color: #000000; font-family: verdana, geneva; font-size: small; line-height: 1.3em;\">\u201c\u00c9ste es un hecho concreto de la vinculaci\u00f3n de nuestra universidad con el entorno, dando una alternativa de formaci\u00f3n en un espacio universitario para j\u00f3venes y adultos. Destaco las posibilidades de reforzamiento que brinda el programa, con estudiantes de nuestra universidad, para garantizar el \u00e9xito e<\/span><span style=\"font-family: verdana, geneva; font-size: small; color: #000000;\">n los ex\u00e1menes con un m\u00e1ximo de tres oportunidades\u201d, enfatiz\u00f3 la\u00a0<strong>coordinadora Vivian Astudillo<\/strong>.<\/span><\/p>\n<p><span style=\"font-family: verdana, geneva; font-size: small; color: #000000;\">Durante la ceremonia y en representaci\u00f3n de los estudiantes,\u00a0<strong>Cristopher Herrera<\/strong>, destac\u00f3 la excelencia y dedicaci\u00f3n de los profesores, enfocados en adultos que son padres esforzados por terminar sus estudios. \u201cSigan estudiando, porque crecer\u00e1n como persona, esto no finaliza ac\u00e1. La recompensa es grata\u201d.<img loading=\"lazy\" decoding=\"async\" class=\" alignleft size-full wp-image-287\" src=\"http:\/\/educaciondeadultos.cl\/web\/wp-content\/uploads\/2015\/12\/cristopher_herrera_estudiante2.jpg\" border=\"0\" alt=\"\" width=\"190\" height=\"209\" style=\"float: left;\" \/><\/span><\/p>\n<p><span style=\"font-family: verdana, geneva; font-size: small; color: #000000;\"><img loading=\"lazy\" decoding=\"async\" class=\" alignright size-full wp-image-288\" src=\"http:\/\/educaciondeadultos.cl\/web\/wp-content\/uploads\/2015\/12\/violeta_acua_upla-300x279.jpg\" border=\"0\" alt=\"\" width=\"246\" height=\"228\" style=\"float: right;\" \/>Emotivos momentos vivi\u00f3 la coordinadora Vivian Astudillo al recibir de parte de los alumnos y la\u00a0<strong>Dra. Violeta Acu\u00f1a, coordinadora del Programa Disciplinario de Educaci\u00f3n de J\u00f3venes y Adultos<\/strong>, m\u00faltiples muestras de cari\u00f1o y agradecimiento por su dedicada labor.<\/span><\/p>\n<p><span style=\"color: #000000;\"><span style=\"font-family: verdana, geneva; font-size: small;\">En<\/span><span style=\"font-family: verdana, geneva; font-size: small; line-height: 1.3em;\">\u00a0su intervenci\u00f3n, la\u00a0<\/span><strong style=\"font-family: verdana, geneva; font-size: small; line-height: 1.3em;\">Dra. Acu\u00f1a<\/strong><span style=\"font-family: verdana, geneva; font-size: small; line-height: 1.3em;\">\u00a0valor\u00f3 la educaci\u00f3n de adultos dentro de la universidad, porque dijo \u201cnos permite estar cerca de los profesores y conocer el contexto en que se desenvuelven nuestros beneficiarios, lo que redunda en un mejoramiento de nuestras metodolog\u00edas y en la adecuaci\u00f3n de nuestro rol docente\u201d.<\/span><\/span><\/p>\n<p><span style=\"font-family: verdana, geneva; font-size: small; color: #000000;\">El acto de certificaci\u00f3n cont\u00f3 con la participaci\u00f3n de la agrupaci\u00f3n musical\u00a0<strong>Tersum Canticum<\/strong>, dirigido por el profesor\u00a0<strong>Marcelo Ib\u00e1\u00f1ez<\/strong>.<\/span><\/p>\n<p style=\"text-align: left;\"><span style=\"font-size: medium;\"><strong style=\"font-size: 0.83em; line-height: 1.3em;\">Reconocimientos especiales<\/strong><\/span><\/p>\n<p style=\"text-align: left;\"><strong><span style=\"font-family: verdana, geneva; font-size: small; color: #000000;\">Educaci\u00f3n B\u00e1sica\u00a0<\/span><\/strong><br \/><span style=\"font-family: verdana, geneva; font-size: small; color: #000000;\">Premio al Desempe\u00f1o: Alfredo Sarmiento.<\/span><br \/><span style=\"font-family: verdana, geneva; font-size: small; color: #000000;\">Premio al Esfuerzo: Mar\u00eda Francisca Bello; Juanita Arancibia.<\/span><\/p>\n<p style=\"text-align: left;\"><strong><span style=\"font-family: verdana, geneva; font-size: small; color: #000000;\">Primer ciclo Educaci\u00f3n Media<\/span><\/strong><br \/><span style=\"font-family: verdana, geneva; font-size: small; color: #000000;\">Premio al Desempe\u00f1o: Andrea Gonz\u00e1lez.<\/span><br \/><span style=\"font-family: verdana, geneva; font-size: small; color: #000000;\">Premio al Esfuerzo: Mar\u00eda Elisa Vera, Ver\u00f3nica San Mart\u00edn.<\/span><\/p>\n<p style=\"text-align: left;\"><strong><span style=\"font-family: verdana, geneva; font-size: small; color: #000000;\">Segundo ciclo Educaci\u00f3n Media<\/span><\/strong><br \/><span style=\"font-family: verdana, geneva; font-size: small; color: #000000;\">Premio al Desempe\u00f1o: Jos\u00e9 Ronaldi.<\/span><br \/><span style=\"font-family: verdana, geneva; font-size: small; color: #000000;\">Premio al Esfuerzo: Lorena Mallea.<\/span><\/p>\n<p style=\"text-align: center;\"><span style=\"font-family: verdana, geneva; font-size: small; color: #000000;\"><img loading=\"lazy\" decoding=\"async\" class=\" size-full wp-image-289\" src=\"http:\/\/educaciondeadultos.cl\/web\/wp-content\/uploads\/2015\/12\/certififranja1.jpg\" border=\"0\" alt=\"\" width=\"948\" height=\"215\" srcset=\"http:\/\/educaciondeadultos.cl\/web\/wp-content\/uploads\/2015\/12\/certififranja1.jpg 940w, http:\/\/educaciondeadultos.cl\/web\/wp-content\/uploads\/2015\/12\/certififranja1-300x68.jpg 300w, http:\/\/educaciondeadultos.cl\/web\/wp-content\/uploads\/2015\/12\/certififranja1-768x174.jpg 768w\" sizes=\"auto, (max-width: 948px) 100vw, 948px\" \/><\/span><\/p>\n<p style=\"text-align: left;\"><span style=\"font-family: verdana, geneva; font-size: small;\"><img loading=\"lazy\" decoding=\"async\" class=\" alignright size-full wp-image-290\" src=\"http:\/\/educaciondeadultos.cl\/web\/wp-content\/uploads\/2015\/12\/certfranja2.jpg\" border=\"0\" alt=\"\" style=\"float: right;\" width=\"957\" height=\"266\" srcset=\"http:\/\/educaciondeadultos.cl\/web\/wp-content\/uploads\/2015\/12\/certfranja2.jpg 957w, http:\/\/educaciondeadultos.cl\/web\/wp-content\/uploads\/2015\/12\/certfranja2-300x83.jpg 300w, http:\/\/educaciondeadultos.cl\/web\/wp-content\/uploads\/2015\/12\/certfranja2-768x213.jpg 768w\" sizes=\"auto, (max-width: 957px) 100vw, 957px\" \/><\/span><\/p>\n<p style=\"text-align: left;\">\u00a0<\/p>\n<p style=\"text-align: left;\">\u00a0\u00a0<span style=\"font-family: verdana, geneva; font-size: small;\">Fuente. Upla Noticias. 16 de diciembre de 2015.<\/span><\/p>\n<p style=\"text-align: left;\"><span style=\"font-family: verdana, geneva; font-size: small;\"><img loading=\"lazy\" decoding=\"async\" class=\" size-full wp-image-291\" src=\"http:\/\/educaciondeadultos.cl\/web\/wp-content\/uploads\/2015\/12\/certifran3.jpg\" border=\"0\" alt=\"\" width=\"896\" height=\"290\" srcset=\"http:\/\/educaciondeadultos.cl\/web\/wp-content\/uploads\/2015\/12\/certifran3.jpg 957w, http:\/\/educaciondeadultos.cl\/web\/wp-content\/uploads\/2015\/12\/certifran3-300x97.jpg 300w, http:\/\/educaciondeadultos.cl\/web\/wp-content\/uploads\/2015\/12\/certifran3-768x249.jpg 768w\" sizes=\"auto, (max-width: 896px) 100vw, 896px\" \/><\/span><\/p>\n","protected":false},"excerpt":{"rendered":"<p>Cerrar un ciclo con nuevas competencias y avanzar en la formaci\u00f3n acad\u00e9mica fue lo que celebraron en la Universidad de Playa Ancha 29 j\u00f3venes y adultos, que completaron sus estudios de ense\u00f1anza b\u00e1sica y media en dicha instituci\u00f3n. Gracias al programa gratuito de\u00a0Nivelaci\u00f3n de Estudios de Ense\u00f1anza B\u00e1sica y Media, impartido por segundo a\u00f1o a [&hellip;]<\/p>\n","protected":false},"author":1,"featured_media":284,"comment_status":"closed","ping_status":"closed","sticky":false,"template":"","format":"standard","meta":{"_et_pb_use_builder":"","_et_pb_old_content":"","_et_gb_content_width":"","_oasis_is_in_workflow":0,"_oasis_original":0,"footnotes":""},"categories":[45],"tags":[],"class_list":["post-292","post","type-post","status-publish","format-standard","has-post-thumbnail","hentry","category-event"],"_links":{"self":[{"href":"http:\/\/educaciondeadultos.cl\/web\/wp-json\/wp\/v2\/posts\/292","targetHints":{"allow":["GET"]}}],"collection":[{"href":"http:\/\/educaciondeadultos.cl\/web\/wp-json\/wp\/v2\/posts"}],"about":[{"href":"http:\/\/educaciondeadultos.cl\/web\/wp-json\/wp\/v2\/types\/post"}],"author":[{"embeddable":true,"href":"http:\/\/educaciondeadultos.cl\/web\/wp-json\/wp\/v2\/users\/1"}],"replies":[{"embeddable":true,"href":"http:\/\/educaciondeadultos.cl\/web\/wp-json\/wp\/v2\/comments?post=292"}],"version-history":[{"count":0,"href":"http:\/\/educaciondeadultos.cl\/web\/wp-json\/wp\/v2\/posts\/292\/revisions"}],"wp:featuredmedia":[{"embeddable":true,"href":"http:\/\/educaciondeadultos.cl\/web\/wp-json\/wp\/v2\/media\/284"}],"wp:attachment":[{"href":"http:\/\/educaciondeadultos.cl\/web\/wp-json\/wp\/v2\/media?parent=292"}],"wp:term":[{"taxonomy":"category","embeddable":true,"href":"http:\/\/educaciondeadultos.cl\/web\/wp-json\/wp\/v2\/categories?post=292"},{"taxonomy":"post_tag","embeddable":true,"href":"http:\/\/educaciondeadultos.cl\/web\/wp-json\/wp\/v2\/tags?post=292"}],"curies":[{"name":"wp","href":"https:\/\/api.w.org\/{rel}","templated":true}]}}