{"id":283,"date":"2015-12-09T21:18:48","date_gmt":"2015-12-10T00:18:48","guid":{"rendered":"http:\/\/educaciondeadultos.cl\/web\/2015\/12\/09\/postulaciones-abiertas-magister-de-educacion-de-adultos\/"},"modified":"2015-12-09T21:18:48","modified_gmt":"2015-12-10T00:18:48","slug":"postulaciones-abiertas-magister-de-educacion-de-adultos","status":"publish","type":"post","link":"http:\/\/educaciondeadultos.cl\/web\/2015\/12\/09\/postulaciones-abiertas-magister-de-educacion-de-adultos\/","title":{"rendered":"Postulaciones abiertas: MAGISTER DE EDUCACI\u00d3N DE ADULTOS y Procesos Formativos"},"content":{"rendered":"<p><img loading=\"lazy\" decoding=\"async\" class=\" size-full wp-image-281\" src=\"http:\/\/educaciondeadultos.cl\/web\/wp-content\/uploads\/2015\/12\/40b9b55f0670c8418c21bc05f68a28a0.jpg\" alt=\"\" width=\"1000\" height=\"360\" srcset=\"http:\/\/educaciondeadultos.cl\/web\/wp-content\/uploads\/2015\/12\/40b9b55f0670c8418c21bc05f68a28a0.jpg 1000w, http:\/\/educaciondeadultos.cl\/web\/wp-content\/uploads\/2015\/12\/40b9b55f0670c8418c21bc05f68a28a0-300x108.jpg 300w, http:\/\/educaciondeadultos.cl\/web\/wp-content\/uploads\/2015\/12\/40b9b55f0670c8418c21bc05f68a28a0-768x276.jpg 768w\" sizes=\"auto, (max-width: 1000px) 100vw, 1000px\" \/><\/p>\n<p style=\"text-align: justify;\"><span style=\"font-family: verdana, geneva; font-size: small;\"><img loading=\"lazy\" decoding=\"async\" class=\" alignleft size-full wp-image-282\" src=\"http:\/\/educaciondeadultos.cl\/web\/wp-content\/uploads\/2015\/12\/banner-postgrados-1000x360.jpg\" border=\"0\" alt=\"\" width=\"461\" height=\"148\" style=\"float: left;\" \/><\/span><span style=\"font-size: small; color: #000000;\"><span style=\"font-family: verdana, geneva;\"><span style=\"font-family: verdana, geneva;\">Desde el 2 de noviembre al 31 de diciembre del a\u00f1o en curso y desde el<\/span><\/span><span style=\"font-family: verdana, geneva;\">\u00a01 al 8 de marzo de 2016\u00a0estar\u00e1n abiertas las postulaciones e inscripciones para cursar el Mag\u00edster\u00a0de Educaci\u00f3n de Adultos y Procesos Formativos que imparte el Programa Disciplinario de Educaci\u00f3n de Adultos y J\u00f3venes de la Facultad de Educaci\u00f3n de la Universidad de Playa Ancha.<\/span><\/span><\/p>\n<p style=\"text-align: justify;\"><span style=\"font-family: verdana, geneva; font-size: small; color: #000000;\"><span style=\"line-height: 1.3em;\">Con una una duraci\u00f3n de dos a\u00f1os y d<\/span><span style=\"line-height: 1.3em;\">irigido a\u00a0<\/span><span style=\"line-height: 1.3em;\">\u00a0profesionales de la educaci\u00f3n, de las ciencias sociales, de la salud, del trabajo social, de la gesti\u00f3n de empresas y organizaciones interesadas en la formaci\u00f3n permanente de las personas, el Mag\u00edster\u00a0es un programa de car\u00e1cter acad\u00e9mico orientado a potenciar las capacidades anal\u00edticas, desarrollo pedag\u00f3gico y de investigaci\u00f3n requeridas para ejercer labores de estudio, docencia, liderazgo y producci\u00f3n de conocimientos en los diversos \u00e1mbitos tem\u00e1ticos y modalidades de la educaci\u00f3n de adultos orientada al desarrollo de capacidades en el mundo social, laboral, tecnol\u00f3gico y ciudadano\u00a0(escolares, comunitarias, formaci\u00f3n laboral, capacitaci\u00f3n, educaci\u00f3n ciudadana, entre otros procesos formativos).<\/span><\/span><\/p>\n<p style=\"text-align: justify;\"><span style=\"font-size: small; color: #000000;\"><span style=\"font-family: verdana, geneva;\"><span style=\"line-height: 1.3em;\">Es impartido por un cuerpo de docentes de<\/span><span style=\"line-height: 1.3em;\">\u00a0reconocida trayectoria en el campo de la investigaci\u00f3n, docencia acad\u00e9mica y gesti\u00f3n de pol\u00edticas p\u00fablicas educativas, quienes, aplicando<\/span><span style=\"line-height: 1.3em;\">\u00a0metodolog\u00edas de trabajo participativo<\/span><\/span><span style=\"font-family: verdana, geneva;\"><span style=\"line-height: 1.3em;\">\u00a0en el desarrollo de los distintos m\u00f3dulos organizados en funci\u00f3n del conocimiento disponible m\u00e1s reciente, de las investigaciones de avanzada, de estudios de casos relevantes y organizados, se proponen<\/span><\/span><span style=\"font-family: verdana, geneva;\"><span style=\"line-height: 1.3em;\">\u00a0crear competencias generales y espec\u00edficas en los estudiantes que los habiliten para desarrollar investigaciones y dirigir procesos formativos en el contexto de la sociedad del conocimiento.<\/span><\/span><\/span>\u00a0<\/p>\n<p><strong><span style=\"font-family: verdana, geneva; font-size: small; color: #000000;\">Cuerpo Acad\u00e9mico<\/span><\/strong>\u00a0<\/p>\n<p style=\"text-align: justify;\"><span style=\"font-family: verdana, geneva; font-size: small; color: #000000;\"><strong>Antonio Di Fazio Corrado<\/strong>.\u00a0Doctor en Econom\u00eda, Universidad de Torino, Italia;\u00a0<\/span><span style=\"font-family: verdana, geneva; font-size: small; color: #000000;\"><strong>Carlos Calvo Mu\u00f1oz<\/strong>.\u00a0Ph. D en Educaci\u00f3n, Universidad de Standford, Estados Unidos;<strong>\u00a0<\/strong><\/span><span style=\"font-family: verdana, geneva; font-size: small; color: #000000;\"><strong>Cesar Pic\u00f3n Espinoza<\/strong>.\u00a0Doctor en Educaci\u00f3n, Universidad Nacional Mayor de San Marcos, Lima, Per\u00fa;\u00a0<\/span><span style=\"font-family: verdana, geneva; font-size: small; color: #000000;\"><strong>Eduardo Cavieres Fern\u00e1ndez<\/strong>.\u00a0Ph.D. en Educaci\u00f3n, Universidad de Wisconsin-Madison, Estados Unidos;\u00a0<\/span><span style=\"font-family: verdana, geneva; font-size: small; color: #000000;\"><strong>Emilio Coral Garc\u00eda<\/strong>.\u00a0Ph.D. en Historia Social, con especialidad en Gobierno y Econom\u00eda, Universidad de Georgetown, Estados Unidos;\u00a0<\/span><span style=\"font-family: verdana, geneva; font-size: small; color: #000000;\"><strong>Emilio Lucio Villegas<\/strong>.\u00a0Doctor en Ciencias de la Educaci\u00f3n, Universidad de Sevilla, Espa\u00f1a;\u00a0<\/span><span style=\"font-family: verdana, geneva; font-size: small; color: #000000;\"><strong>Eusebio N\u00e1jera Mart\u00ednez<\/strong>.\u00a0Mag\u00edster en Educaci\u00f3n, menci\u00f3n Educaci\u00f3n de Adultos y J\u00f3venes, Universidad Metropolitana de Ciencias de la Educaci\u00f3n (UMCE), Chile;\u00a0<\/span><span style=\"font-family: verdana, geneva; font-size: small; color: #000000;\"><strong>Graciela Rubio Soto<\/strong>.\u00a0Doctora en Educaci\u00f3n, Universidad de Granada, Espa\u00f1a;\u00a0<\/span><span style=\"font-family: verdana, geneva; font-size: small; color: #000000;\"><strong>Guillermo Williamson Castro<\/strong>.\u00a0Doctor en Educaci\u00f3n, Universidad Estatal de Campinas, Brasil;\u00a0<\/span><span style=\"font-family: verdana, geneva; font-size: small; color: #000000;\"><strong>Jorge Jeria Gonz\u00e1lez<\/strong>.\u00a0Ph.D. en Educaci\u00f3n, Universidad Estatal de Iowa, Estados Unidos;\u00a0<\/span><span style=\"font-family: verdana, geneva; font-size: small; color: #000000;\"><strong>Patricia Mu\u00f1oz Salaza<\/strong>r.\u00a0Ph.D. en Sociolog\u00eda, Universidad Estatal de Pensylvania, Estados Unidos;\u00a0<\/span><span style=\"font-family: verdana, geneva; font-size: small; color: #000000;\"><strong>Ren\u00e9 Flores Castillo<\/strong>.\u00a0Doctor en Psicolog\u00eda Escolar y Desarrollo, Universidad Complutense, Espa\u00f1a;\u00a0<\/span><span style=\"font-family: verdana, geneva; font-size: small; color: #000000;\"><strong>Rolando Pinto Contreras<\/strong>.\u00a0Doctor en Ciencias de la Educaci\u00f3n, Universidad Cat\u00f3lica de Leuven, Lovaina, B\u00e9lgica;\u00a0<\/span><span style=\"font-family: verdana, geneva; font-size: small; color: #000000;\"><strong>Violeta Acu\u00f1a Collado<\/strong>.\u00a0Doctora en Educaci\u00f3n de Personas y Aprendizaje, Universidad Cat\u00f3lica del Sagrado Coraz\u00f3n de Mil\u00e1n, Italia.<\/span>\u00a0<\/p>\n<p><strong style=\"font-size: 12.16px; line-height: 1.3em;\">M\u00e1s informaciones<\/strong><span style=\"font-size: 12.16px; line-height: 1.3em;\">: <\/span><a href=\"http:\/\/www.upla.cl\/postgrado\/magisteres\/educacion-de-adultos-y-procesos-formativos\/\" style=\"font-size: 12.16px; line-height: 1.3em;\">Facultad de Educaci\u00f2n UPLA<\/a><span style=\"font-size: 12.16px; line-height: 1.3em;\">\u00a0 &#8211; mail: \u00a0\u00a0<\/span><a href=\"mailto:upla.adultos@gmail.com\" style=\"font-size: 12.16px; line-height: 1.3em;\">upla.adultos@gmail.com<\/a><\/p>\n<p>Comunicaciones &#8211; 9 de diciembre 2015.<\/p>\n","protected":false},"excerpt":{"rendered":"<p>Desde el 2 de noviembre al 31 de diciembre del a\u00f1o en curso y desde el\u00a01 al 8 de marzo de 2016\u00a0estar\u00e1n abiertas las postulaciones e inscripciones para cursar el Mag\u00edster\u00a0de Educaci\u00f3n de Adultos y Procesos Formativos que imparte el Programa Disciplinario de Educaci\u00f3n de Adultos y J\u00f3venes de la Facultad de Educaci\u00f3n de la [&hellip;]<\/p>\n","protected":false},"author":1,"featured_media":281,"comment_status":"closed","ping_status":"closed","sticky":false,"template":"","format":"standard","meta":{"_et_pb_use_builder":"","_et_pb_old_content":"","_et_gb_content_width":"","_oasis_is_in_workflow":0,"_oasis_original":0,"footnotes":""},"categories":[45],"tags":[],"class_list":["post-283","post","type-post","status-publish","format-standard","has-post-thumbnail","hentry","category-event"],"_links":{"self":[{"href":"http:\/\/educaciondeadultos.cl\/web\/wp-json\/wp\/v2\/posts\/283","targetHints":{"allow":["GET"]}}],"collection":[{"href":"http:\/\/educaciondeadultos.cl\/web\/wp-json\/wp\/v2\/posts"}],"about":[{"href":"http:\/\/educaciondeadultos.cl\/web\/wp-json\/wp\/v2\/types\/post"}],"author":[{"embeddable":true,"href":"http:\/\/educaciondeadultos.cl\/web\/wp-json\/wp\/v2\/users\/1"}],"replies":[{"embeddable":true,"href":"http:\/\/educaciondeadultos.cl\/web\/wp-json\/wp\/v2\/comments?post=283"}],"version-history":[{"count":0,"href":"http:\/\/educaciondeadultos.cl\/web\/wp-json\/wp\/v2\/posts\/283\/revisions"}],"wp:featuredmedia":[{"embeddable":true,"href":"http:\/\/educaciondeadultos.cl\/web\/wp-json\/wp\/v2\/media\/281"}],"wp:attachment":[{"href":"http:\/\/educaciondeadultos.cl\/web\/wp-json\/wp\/v2\/media?parent=283"}],"wp:term":[{"taxonomy":"category","embeddable":true,"href":"http:\/\/educaciondeadultos.cl\/web\/wp-json\/wp\/v2\/categories?post=283"},{"taxonomy":"post_tag","embeddable":true,"href":"http:\/\/educaciondeadultos.cl\/web\/wp-json\/wp\/v2\/tags?post=283"}],"curies":[{"name":"wp","href":"https:\/\/api.w.org\/{rel}","templated":true}]}}