{"id":280,"date":"2015-11-30T00:02:25","date_gmt":"2015-11-30T03:02:25","guid":{"rendered":"http:\/\/educaciondeadultos.cl\/web\/2015\/11\/30\/el-crefal-realiza-con-la-universidad-de-playa-ancha-la-universidad-de-la-frontera-y-el-ministerio-de-educacion-de-chile-seminario-internacional-en-valparaiso\/"},"modified":"2015-11-30T00:02:25","modified_gmt":"2015-11-30T03:02:25","slug":"el-crefal-realiza-con-la-universidad-de-playa-ancha-la-universidad-de-la-frontera-y-el-ministerio-de-educacion-de-chile-seminario-internacional-en-valparaiso","status":"publish","type":"post","link":"http:\/\/educaciondeadultos.cl\/web\/2015\/11\/30\/el-crefal-realiza-con-la-universidad-de-playa-ancha-la-universidad-de-la-frontera-y-el-ministerio-de-educacion-de-chile-seminario-internacional-en-valparaiso\/","title":{"rendered":"El CREFAL realiza con la Universidad de Playa Ancha, la Universidad de la Frontera y el Ministerio de Educaci\u00f3n de Chile, Seminario Internacional en Valpara\u00edso"},"content":{"rendered":"<p><img loading=\"lazy\" decoding=\"async\" class=\" size-full wp-image-273\" src=\"http:\/\/educaciondeadultos.cl\/web\/wp-content\/uploads\/2015\/11\/1784e00b0b60f953190c43cb5b6689b8.jpg\" alt=\"\" width=\"720\" height=\"480\" srcset=\"http:\/\/educaciondeadultos.cl\/web\/wp-content\/uploads\/2015\/11\/1784e00b0b60f953190c43cb5b6689b8.jpg 720w, http:\/\/educaciondeadultos.cl\/web\/wp-content\/uploads\/2015\/11\/1784e00b0b60f953190c43cb5b6689b8-300x200.jpg 300w\" sizes=\"auto, (max-width: 720px) 100vw, 720px\" \/><\/p>\n<p><span style=\"font-family: verdana, geneva; font-size: small; color: #000000;\">Con cerca de 200 participantes, 10 mesas de discusi\u00f3n y 16 expositores de Argentina, Brasil, M\u00e9xico, Italia y Chile se realiz\u00f3 el III Seminario Internacional de Educaci\u00f3n de J\u00f3venes y Adultos desde una perspectiva inclusiva los d\u00edas 19 y 20 de noviembre en Valpara\u00edso, Chile.<\/span><\/p>\n<p style=\"text-align: center;\"><img loading=\"lazy\" decoding=\"async\" class=\" size-full wp-image-274\" src=\"http:\/\/educaciondeadultos.cl\/web\/wp-content\/uploads\/2015\/11\/crefal1.jpg\" border=\"0\" alt=\"\" width=\"578\" height=\"386\" srcset=\"http:\/\/educaciondeadultos.cl\/web\/wp-content\/uploads\/2015\/11\/crefal1.jpg 720w, http:\/\/educaciondeadultos.cl\/web\/wp-content\/uploads\/2015\/11\/crefal1-300x200.jpg 300w\" sizes=\"auto, (max-width: 578px) 100vw, 578px\" \/><\/p>\n<p><span style=\"font-family: verdana, geneva; font-size: small; color: #000000;\">El Seminario ha sido organizado por el Centro de Cooperaci\u00f3n Regional para la Educaci\u00f3n de Adultos en Am\u00e9rica Latina y el Caribe (CREFAL), la Universidad de Playa Ancha (UPLA), el Ministerio de Educaci\u00f3n de Chile, y la Universidad de La Frontera.<\/span><\/p>\n<p><span style=\"font-family: verdana, geneva; font-size: small; color: #000000;\">La Directora General del CREFAL, la <strong>Mtra. Mercedes Calder\u00f3n Garc\u00eda<\/strong> destac\u00f3 en sus palabras de inauguraci\u00f3n que \u00abLa cercan\u00eda existente entre el CREFAL y la UPLA ha venido empe\u00f1\u00e1ndose en poner a la educaci\u00f3n de j\u00f3venes y adultos como un referente para transformar a nuestras sociedades e incidir en distintos \u00e1mbitos como son el trabajo, las tecnolog\u00edas y los contextos de inclusividad que es importante atender.\u00bb<\/span><\/p>\n<p><img loading=\"lazy\" decoding=\"async\" class=\" size-full wp-image-275\" src=\"http:\/\/educaciondeadultos.cl\/web\/wp-content\/uploads\/2015\/11\/crefal2a.jpg\" border=\"0\" alt=\"\" width=\"548\" height=\"366\" style=\"display: block; margin-left: auto; margin-right: auto;\" srcset=\"http:\/\/educaciondeadultos.cl\/web\/wp-content\/uploads\/2015\/11\/crefal2a.jpg 720w, http:\/\/educaciondeadultos.cl\/web\/wp-content\/uploads\/2015\/11\/crefal2a-300x200.jpg 300w\" sizes=\"auto, (max-width: 548px) 100vw, 548px\" \/>\u00a0<\/p>\n<p><span style=\"font-family: verdana, geneva; font-size: small; color: #000000;\">\u201cLa educaci\u00f3n de adultos tiene una gran responsabilidad desde que nace y se concibe como inclusiva. Creo que este seminario toca temas transversales fundamentales, y que seguramente con colegas, acad\u00e9micos y representantes de la pol\u00edtica educativa encontraremos caminos para acompa\u00f1arnos juntos teniendo presente que el gran desaf\u00edo de la educaci\u00f3n de adultos inclusiva es que se vincule la familia, la escuela y la comunidad\u201d, enfatiz\u00f3.<\/span><\/p>\n<p><img loading=\"lazy\" decoding=\"async\" class=\" size-full wp-image-276\" src=\"http:\/\/educaciondeadultos.cl\/web\/wp-content\/uploads\/2015\/11\/crefal3.jpg\" border=\"0\" alt=\"\" width=\"545\" height=\"363\" style=\"display: block; margin-left: auto; margin-right: auto;\" srcset=\"http:\/\/educaciondeadultos.cl\/web\/wp-content\/uploads\/2015\/11\/crefal3.jpg 720w, http:\/\/educaciondeadultos.cl\/web\/wp-content\/uploads\/2015\/11\/crefal3-300x200.jpg 300w\" sizes=\"auto, (max-width: 545px) 100vw, 545px\" \/><\/p>\n<p><span style=\"font-family: verdana, geneva; font-size: small;\">En su inauguraci\u00f3n, el <strong>rector de la UPLA, el Dr. Patricio Sanhueza Vivanco<\/strong> recalc\u00f3 el trabajo que ha venido haciendo la instituci\u00f3n a trav\u00e9s del Programa Disciplinario.\u00a0<\/span><span style=\"font-family: verdana, geneva; font-size: small;\">\u201cLa UPLA hace este encuentro internacional trayendo grandes personalidades y referentes en el mundo sobre el tema de la educaci\u00f3n de adultos y lo hace como una contribuci\u00f3n m\u00e1s a resolver un problema que es grave en el pa\u00eds, teniendo como premisa la inclusi\u00f3n. Ejemplo de ello, son los programas que se realizan en la c\u00e1rcel a trav\u00e9s de esta l\u00ednea disciplinaria y de la Fundaci\u00f3n UPLA que procuran resolver problemas reales de la gente que no ha podido continuar estudios o que ha visto frustrado su propio desarrollo personal a prop\u00f3sito de no haber tenido oportunidades\u201d, asever\u00f3 la autoridad.<\/span><\/p>\n<p><span style=\"font-family: verdana, geneva; font-size: small;\">El encargado de dar la conferencia magistral inaugural fue el <strong>Dr. Carlos Calvo Mu\u00f1oz<\/strong>, investigador del CREFAL, quien expuso sobre la \u201cEducaci\u00f3n de J\u00f3venes y Adultos desde una perspectiva inclusiva\u201d.<\/span><\/p>\n<p><img loading=\"lazy\" decoding=\"async\" class=\" size-full wp-image-277\" src=\"http:\/\/educaciondeadultos.cl\/web\/wp-content\/uploads\/2015\/11\/crefal4.jpg\" border=\"0\" alt=\"\" width=\"540\" height=\"360\" style=\"display: block; margin-left: auto; margin-right: auto;\" srcset=\"http:\/\/educaciondeadultos.cl\/web\/wp-content\/uploads\/2015\/11\/crefal4.jpg 720w, http:\/\/educaciondeadultos.cl\/web\/wp-content\/uploads\/2015\/11\/crefal4-300x200.jpg 300w\" sizes=\"auto, (max-width: 540px) 100vw, 540px\" \/><\/p>\n<p><span style=\"font-family: verdana, geneva; font-size: small; color: #000000;\">Durante los dos d\u00edas que tuvo lugar el\u00a0 III Seminario Internacional, se analizaron temas relevantes y transversales sobre educaci\u00f3n para j\u00f3venes y adultos en contextos diversos; y se comparti\u00f3 y reflexion\u00f3 sobre experiencias pedag\u00f3gicas inclusivas en espacios educativos para j\u00f3venes y adultos.<\/span><\/p>\n<p><img loading=\"lazy\" decoding=\"async\" class=\" size-full wp-image-278\" src=\"http:\/\/educaciondeadultos.cl\/web\/wp-content\/uploads\/2015\/11\/crefal5.jpg\" border=\"0\" alt=\"\" width=\"524\" height=\"350\" style=\"display: block; margin-left: auto; margin-right: auto;\" srcset=\"http:\/\/educaciondeadultos.cl\/web\/wp-content\/uploads\/2015\/11\/crefal5.jpg 720w, http:\/\/educaciondeadultos.cl\/web\/wp-content\/uploads\/2015\/11\/crefal5-300x200.jpg 300w\" sizes=\"auto, (max-width: 524px) 100vw, 524px\" \/><\/p>\n<p><span style=\"font-family: verdana, geneva; font-size: small; color: #000000;\">Al t\u00e9rmino de este evento, los representantes del CREFAL encabezados por su Directora General, la Mtra. Mercedes Calder\u00f3n Garc\u00eda, sostuvieron una reuni\u00f3n con la <strong>Ministra de Educaci\u00f3n de Chile, Mtra. Adriana Delpiano Puelma<\/strong>, en la cual se impuls\u00f3 la adhesi\u00f3n de este pa\u00eds como miembro del CREFAL y se fortalecieron los v\u00ednculos con el Ministerio de Educaci\u00f3n en Chile, el cual busca promover nuevos proyectos en el marco de la reforma educativa que est\u00e1 llevando a cabo el gobierno chileno en todo el pa\u00eds.<\/span><\/p>\n<p style=\"text-align: center;\"><img loading=\"lazy\" decoding=\"async\" class=\" size-full wp-image-279\" src=\"http:\/\/educaciondeadultos.cl\/web\/wp-content\/uploads\/2015\/11\/mineduc.jpg\" border=\"0\" alt=\"\" width=\"593\" height=\"395\" srcset=\"http:\/\/educaciondeadultos.cl\/web\/wp-content\/uploads\/2015\/11\/mineduc.jpg 720w, http:\/\/educaciondeadultos.cl\/web\/wp-content\/uploads\/2015\/11\/mineduc-300x200.jpg 300w\" sizes=\"auto, (max-width: 593px) 100vw, 593px\" \/><\/p>\n<p style=\"text-align: left;\">\u00a0<\/p>\n<p style=\"text-align: left;\"><strong>Galer\u00eda de Fotograf\u00edas. <a href=\"http:\/\/www.crefal.edu.mx\/crefal25\/images\/galeria_seminario_chile\/\">Ver aqu\u00ed<\/a><\/strong><\/p>\n<p style=\"text-align: left;\"><span style=\"color: #000000;\">Fuente. Portal Web CREFAL. M\u00e9xico.<\/span><\/p>\n<p style=\"text-align: left;\"><span style=\"color: #000000;\">Noviembre 2015.<\/span><\/p>\n<div>\u00a0<\/div>\n","protected":false},"excerpt":{"rendered":"<p>Con cerca de 200 participantes, 10 mesas de discusi\u00f3n y 16 expositores de Argentina, Brasil, M\u00e9xico, Italia y Chile se realiz\u00f3 el III Seminario Internacional de Educaci\u00f3n de J\u00f3venes y Adultos desde una perspectiva inclusiva los d\u00edas 19 y 20 de noviembre en Valpara\u00edso, Chile. El Seminario ha sido organizado por el Centro de Cooperaci\u00f3n [&hellip;]<\/p>\n","protected":false},"author":1,"featured_media":273,"comment_status":"closed","ping_status":"closed","sticky":false,"template":"","format":"standard","meta":{"_et_pb_use_builder":"","_et_pb_old_content":"","_et_gb_content_width":"","_oasis_is_in_workflow":0,"_oasis_original":0,"footnotes":""},"categories":[45],"tags":[108],"class_list":["post-280","post","type-post","status-publish","format-standard","has-post-thumbnail","hentry","category-event","tag-tercer-seminario-educacion-de-jovenes-y-adultos-desde-una-perspectiva-inclusiva"],"_links":{"self":[{"href":"http:\/\/educaciondeadultos.cl\/web\/wp-json\/wp\/v2\/posts\/280","targetHints":{"allow":["GET"]}}],"collection":[{"href":"http:\/\/educaciondeadultos.cl\/web\/wp-json\/wp\/v2\/posts"}],"about":[{"href":"http:\/\/educaciondeadultos.cl\/web\/wp-json\/wp\/v2\/types\/post"}],"author":[{"embeddable":true,"href":"http:\/\/educaciondeadultos.cl\/web\/wp-json\/wp\/v2\/users\/1"}],"replies":[{"embeddable":true,"href":"http:\/\/educaciondeadultos.cl\/web\/wp-json\/wp\/v2\/comments?post=280"}],"version-history":[{"count":0,"href":"http:\/\/educaciondeadultos.cl\/web\/wp-json\/wp\/v2\/posts\/280\/revisions"}],"wp:featuredmedia":[{"embeddable":true,"href":"http:\/\/educaciondeadultos.cl\/web\/wp-json\/wp\/v2\/media\/273"}],"wp:attachment":[{"href":"http:\/\/educaciondeadultos.cl\/web\/wp-json\/wp\/v2\/media?parent=280"}],"wp:term":[{"taxonomy":"category","embeddable":true,"href":"http:\/\/educaciondeadultos.cl\/web\/wp-json\/wp\/v2\/categories?post=280"},{"taxonomy":"post_tag","embeddable":true,"href":"http:\/\/educaciondeadultos.cl\/web\/wp-json\/wp\/v2\/tags?post=280"}],"curies":[{"name":"wp","href":"https:\/\/api.w.org\/{rel}","templated":true}]}}