{"id":272,"date":"2015-11-23T18:42:36","date_gmt":"2015-11-23T21:42:36","guid":{"rendered":"http:\/\/educaciondeadultos.cl\/web\/2015\/11\/23\/estamos-construyendo-una-idea-comun-dra-violeta-acuna-tercer-seminario-internacional\/"},"modified":"2015-11-23T18:42:36","modified_gmt":"2015-11-23T21:42:36","slug":"estamos-construyendo-una-idea-comun-dra-violeta-acuna-tercer-seminario-internacional","status":"publish","type":"post","link":"http:\/\/educaciondeadultos.cl\/web\/2015\/11\/23\/estamos-construyendo-una-idea-comun-dra-violeta-acuna-tercer-seminario-internacional\/","title":{"rendered":"\u00abESTAMOS CONSTRUYENDO UNA IDEA COM\u00daN\u00bb. DRA. VIOLETA ACU\u00d1A. TERCER SEMINARIO INTERNACIONAL."},"content":{"rendered":"<p><img loading=\"lazy\" decoding=\"async\" class=\" size-full wp-image-267\" src=\"http:\/\/educaciondeadultos.cl\/web\/wp-content\/uploads\/2015\/11\/4950e1f59bb84ab9b2a63947ae2b775f.jpg\" alt=\"\" width=\"860\" height=\"631\" srcset=\"http:\/\/educaciondeadultos.cl\/web\/wp-content\/uploads\/2015\/11\/4950e1f59bb84ab9b2a63947ae2b775f.jpg 860w, http:\/\/educaciondeadultos.cl\/web\/wp-content\/uploads\/2015\/11\/4950e1f59bb84ab9b2a63947ae2b775f-300x220.jpg 300w, http:\/\/educaciondeadultos.cl\/web\/wp-content\/uploads\/2015\/11\/4950e1f59bb84ab9b2a63947ae2b775f-768x563.jpg 768w\" sizes=\"auto, (max-width: 860px) 100vw, 860px\" \/><\/p>\n<div class=\"itemHeader\">\n<p class=\"itemTitle\"><span style=\"font-size: 12.16px; line-height: 1.3em;\"><img loading=\"lazy\" decoding=\"async\" class=\" alignright size-full wp-image-268\" src=\"http:\/\/educaciondeadultos.cl\/web\/wp-content\/uploads\/2015\/11\/oficial1.jpg\" border=\"0\" alt=\"\" width=\"434\" height=\"289\" style=\"float: right;\" \/><\/span><\/p>\n<\/p><\/div>\n<div class=\"itemBody\">\n<div class=\"itemFullText\">\n<p><span style=\"font-family: verdana, geneva; font-size: small;\">\u201c<span style=\"color: #000000;\"><em>Estoy gratamente sorprendida por el nivel de conocimiento y apoyo te\u00f3rico de los asistentes a esta jornada, quienes demostraron una combinaci\u00f3n de teor\u00eda y pr\u00e1ctica dando cuenta de experiencias educativas en diferentes lugares y contextos. Creo que eso ha sido notable<\/em><\/span>\u201d, recalc\u00f3 la anfitriona del evento, la\u00a0<strong>Dra. Violeta Acu\u00f1a Collado, coordinadora del Programa Disciplinario de Educaci\u00f3n de J\u00f3venes y Adultos UPLA<\/strong>.<\/span><\/p>\n<p><span style=\"font-family: verdana, geneva; font-size: small;\"><span style=\"color: #000000;\">Destac\u00f3, adem\u00e1s, la sinton\u00eda alcanzada con muchos de los expositores internacionales.\u00a0<\/span><span style=\"color: #000000;\"><em>\u201cEn general las personas con las que nos estamos relacionando estamos construyendo una idea com\u00fan referida a la educaci\u00f3n de adultos, lo que nos deja con altas expectativas a futuro en esta materia\u201d<\/em>, concluy\u00f3.<\/span><\/span><\/p>\n<p><span style=\"color: #000000; font-family: verdana, geneva; font-size: small;\"><a href=\"http:\/\/www.upla.cl\/noticias\/wp-content\/uploads\/2015\/11\/sem_educacion_adultos_3.jpg\"><\/a>La\u00a0<strong>directora general del CREFAL, Mercedes Calder\u00f3n Garc\u00eda<\/strong>, expres\u00f3 su satisfacci\u00f3n por la oportunidad de compartir con distintos actores de Chile y el extranjero interesados en contribuir con la educaci\u00f3n de adultos.\u00a0<em>\u201cNos vamos con la impresi\u00f3n que conocimos gente muy comprometida, que espera que la educaci\u00f3n de adultos realmente incida en el \u00e1mbito laboral, en el compromiso social, en la inclusividad, en ver que tenemos cosas en com\u00fan que compartir, pero tambi\u00e9n tenemos soluciones que dar frente a esta problem\u00e1tica<\/em>\u201d.<\/span><\/p>\n<p><span style=\"color: #000000; font-family: verdana, geneva; font-size: small;\"><img loading=\"lazy\" decoding=\"async\" class=\" alignleft size-full wp-image-269\" src=\"http:\/\/educaciondeadultos.cl\/web\/wp-content\/uploads\/2015\/11\/oficial3.jpg\" border=\"0\" alt=\"\" width=\"504\" height=\"336\" style=\"float: left;\" srcset=\"http:\/\/educaciondeadultos.cl\/web\/wp-content\/uploads\/2015\/11\/oficial3.jpg 640w, http:\/\/educaciondeadultos.cl\/web\/wp-content\/uploads\/2015\/11\/oficial3-300x200.jpg 300w\" sizes=\"auto, (max-width: 504px) 100vw, 504px\" \/>Con las conclusiones de las diez mesas de trabajo, el Programa Disciplinario de Educaci\u00f3n de J\u00f3venes y Adultos UPLA junto al CREFAL, elaborar\u00e1n un documento que convertir\u00e1n en una publicaci\u00f3n que esperan tenga difusi\u00f3n latinoamericana y nacional.<\/span><\/p>\n<p><span style=\"color: #000000; font-family: verdana, geneva; font-size: small;\">Al t\u00e9rmino de la jornada, el\u00a0<strong>decano de la Facultad de Ciencias de la Educaci\u00f3n UPLA, Dr. Luis Alberto D\u00edaz<\/strong>, agradeci\u00f3 a los presentes su participaci\u00f3n y comparti\u00f3 el trabajo investigativo que realizan los acad\u00e9micos de esta unidad con los especialistas internacionales Mercedes Calder\u00f3n, Mar\u00eda Clara Di Pierro, Mar\u00eda del Socorro Tapia, Emilio Coral Garc\u00eda, Francisco Scarf\u00f3 y con su compa\u00f1ero en la Universidad de Chile, Luis Z\u00fa\u00f1iga.\u00a0<\/span><\/p>\n<p><span style=\"color: #000000; font-family: verdana, geneva; font-size: small;\"><strong>Chile m\u00e1s cerca de CREFAL<\/strong>\u00a0<\/span><\/p>\n<p><span style=\"color: #000000; font-family: verdana, geneva; font-size: small;\">En un breve encuentro, la\u00a0<strong>Ministra de Educaci\u00f3n, Adriana Delpiano<\/strong>, recibi\u00f3 en Santiago a la Dra. Violeta Acu\u00f1a Collado, coordinadora del Programa Disciplinario de Educaci\u00f3n de J\u00f3venes y Adultos UPLA; y a la directora general del CREFAL, Mercedes Calder\u00f3n Garc\u00eda.<\/span><\/p>\n<p><span style=\"font-size: small; line-height: 1.3em; color: #000000; font-family: verdana, geneva;\">El motivo de la cita era plantearle a la Secretaria de Estado la posibilidad de concretar el ingreso oficial de Chile a CREFAL.<\/span><\/p>\n<p><span style=\"color: #000000; font-family: verdana, geneva; font-size: small;\"><img loading=\"lazy\" decoding=\"async\" class=\" alignright size-full wp-image-270\" src=\"http:\/\/educaciondeadultos.cl\/web\/wp-content\/uploads\/2015\/11\/oficial4.jpg\" border=\"0\" alt=\"\" width=\"381\" height=\"253\" style=\"float: right;\" srcset=\"http:\/\/educaciondeadultos.cl\/web\/wp-content\/uploads\/2015\/11\/oficial4.jpg 640w, http:\/\/educaciondeadultos.cl\/web\/wp-content\/uploads\/2015\/11\/oficial4-300x200.jpg 300w\" sizes=\"auto, (max-width: 381px) 100vw, 381px\" \/><img loading=\"lazy\" decoding=\"async\" class=\" alignright size-full wp-image-271\" src=\"http:\/\/educaciondeadultos.cl\/web\/wp-content\/uploads\/2015\/11\/oficial5.jpg\" border=\"0\" alt=\"\" width=\"380\" height=\"253\" style=\"float: right;\" srcset=\"http:\/\/educaciondeadultos.cl\/web\/wp-content\/uploads\/2015\/11\/oficial5.jpg 640w, http:\/\/educaciondeadultos.cl\/web\/wp-content\/uploads\/2015\/11\/oficial5-300x200.jpg 300w\" sizes=\"auto, (max-width: 380px) 100vw, 380px\" \/>\u201c<em>Esta cita fue muy significativa para nosotros porque llevamos tres o cuatro a\u00f1os en este empe\u00f1o y creo que hoy vamos por el camino correcto. CREFAL se va contento con este logro<\/em>\u201d, anunci\u00f3 la Dra. Acu\u00f1a.<\/span><\/p>\n<p><span style=\"color: #000000; font-family: verdana, geneva; font-size: small;\">En tanto la maestra Mercedes Calder\u00f3n manifest\u00f3: \u201cNos da mucho gusto que Chile formalmente se integre a CREFAL, lo que le permitir\u00e1 que haya un lugar para Chile en la planeaci\u00f3n de los programas, de las investigaciones, de las becas y de todo lo que CREFAL puede dar a Chile\u201d.<\/span><\/p>\n<p><span style=\"font-size: small; line-height: 1.3em; color: #000000; font-family: verdana, geneva;\">UPLA Noticias &#8211; Comunicaciones Edja &#8211; edici\u00f3n titulo adaptado. 23 de noviembre 2015<\/span><\/p>\n<\/p><\/div>\n<\/p><\/div>\n<div class=\"k2_video\">[iframe width=\u00bb560&#8243; height=\u00bb315&#8243; src=\u00bbhttps:\/\/www.youtube.com\/embed\/UMF27uejPU0&#8243; frameborder=\u00bb0&#8243; allowfullscreen ]<\/div>\n","protected":false},"excerpt":{"rendered":"<p>\u201cEstoy gratamente sorprendida por el nivel de conocimiento y apoyo te\u00f3rico de los asistentes a esta jornada, quienes demostraron una combinaci\u00f3n de teor\u00eda y pr\u00e1ctica dando cuenta de experiencias educativas en diferentes lugares y contextos. Creo que eso ha sido notable\u201d, recalc\u00f3 la anfitriona del evento, la\u00a0Dra. Violeta Acu\u00f1a Collado, coordinadora del Programa Disciplinario de [&hellip;]<\/p>\n","protected":false},"author":1,"featured_media":267,"comment_status":"closed","ping_status":"closed","sticky":false,"template":"","format":"standard","meta":{"_et_pb_use_builder":"","_et_pb_old_content":"","_et_gb_content_width":"","_oasis_is_in_workflow":0,"_oasis_original":0,"footnotes":""},"categories":[45],"tags":[108],"class_list":["post-272","post","type-post","status-publish","format-standard","has-post-thumbnail","hentry","category-event","tag-tercer-seminario-educacion-de-jovenes-y-adultos-desde-una-perspectiva-inclusiva"],"_links":{"self":[{"href":"http:\/\/educaciondeadultos.cl\/web\/wp-json\/wp\/v2\/posts\/272","targetHints":{"allow":["GET"]}}],"collection":[{"href":"http:\/\/educaciondeadultos.cl\/web\/wp-json\/wp\/v2\/posts"}],"about":[{"href":"http:\/\/educaciondeadultos.cl\/web\/wp-json\/wp\/v2\/types\/post"}],"author":[{"embeddable":true,"href":"http:\/\/educaciondeadultos.cl\/web\/wp-json\/wp\/v2\/users\/1"}],"replies":[{"embeddable":true,"href":"http:\/\/educaciondeadultos.cl\/web\/wp-json\/wp\/v2\/comments?post=272"}],"version-history":[{"count":0,"href":"http:\/\/educaciondeadultos.cl\/web\/wp-json\/wp\/v2\/posts\/272\/revisions"}],"wp:featuredmedia":[{"embeddable":true,"href":"http:\/\/educaciondeadultos.cl\/web\/wp-json\/wp\/v2\/media\/267"}],"wp:attachment":[{"href":"http:\/\/educaciondeadultos.cl\/web\/wp-json\/wp\/v2\/media?parent=272"}],"wp:term":[{"taxonomy":"category","embeddable":true,"href":"http:\/\/educaciondeadultos.cl\/web\/wp-json\/wp\/v2\/categories?post=272"},{"taxonomy":"post_tag","embeddable":true,"href":"http:\/\/educaciondeadultos.cl\/web\/wp-json\/wp\/v2\/tags?post=272"}],"curies":[{"name":"wp","href":"https:\/\/api.w.org\/{rel}","templated":true}]}}