{"id":266,"date":"2015-11-23T14:26:30","date_gmt":"2015-11-23T17:26:30","guid":{"rendered":"http:\/\/educaciondeadultos.cl\/web\/2015\/11\/23\/dr-rolando-pinto-contreras-recibe-premio-paulo-freire\/"},"modified":"2015-11-23T14:26:30","modified_gmt":"2015-11-23T17:26:30","slug":"dr-rolando-pinto-contreras-recibe-premio-paulo-freire","status":"publish","type":"post","link":"http:\/\/educaciondeadultos.cl\/web\/2015\/11\/23\/dr-rolando-pinto-contreras-recibe-premio-paulo-freire\/","title":{"rendered":"Dr. Rolando Pinto Contreras recibe Premio Paulo Freire"},"content":{"rendered":"<p><img loading=\"lazy\" decoding=\"async\" class=\" size-full wp-image-263\" src=\"http:\/\/educaciondeadultos.cl\/web\/wp-content\/uploads\/2015\/11\/f0045bbd92708e1770925e94b8398442.jpg\" alt=\"\" width=\"300\" height=\"225\" \/><\/p>\n<p><span style=\"font-family: verdana, geneva; font-size: small;\"><img loading=\"lazy\" decoding=\"async\" class=\" alignright size-full wp-image-264\" src=\"http:\/\/educaciondeadultos.cl\/web\/wp-content\/uploads\/2015\/11\/rolandopinto.jpg\" border=\"0\" alt=\"\" width=\"287\" height=\"216\" style=\"float: right;\" \/><span style=\"color: #000000;\">Sorprendido reaccion\u00f3 el\u00a0<strong>Dr. en Educaci\u00f3n, Rolando Pinto Contreras<\/strong>, al saber que el\u00a0<strong>Premio Paulo Freire 2015<\/strong>, categor\u00eda nacional, reca\u00eda en su persona.<\/span><\/span><\/p>\n<p><span style=\"font-family: verdana, geneva; font-size: small; color: #000000;\">Se trata de una distinci\u00f3n creada el 2013 por el\u00a0<a href=\"http:\/\/www.educaciondeadultos.cl\/\"><span style=\"color: #000000;\">Programa Disciplinario de Educaci\u00f3n de J\u00f3venes y Adultos de la Universidad de Playa Ancha<\/span><\/a>\u00a0para reconocer a quienes en su labor y trayectoria profesional representan el ideario del educador brasile\u00f1o.<\/span><\/p>\n<p><span style=\"font-family: verdana, geneva; font-size: small; color: #000000;\">Siguiendo esta premisa y en el marco de la jornada de clausura del\u00a0<strong>\u201cIII Seminario Internacional de Educaci\u00f3n de J\u00f3venes y Adultos desde una perspectiva inclusiva\u201d<\/strong>\u00a0se distingui\u00f3 al actual profesor del\u00a0<a href=\"http:\/\/www.upla.cl\/postgrado\/magisteres\/educacion-de-adultos-y-procesos-formativos\/\"><span style=\"color: #000000;\">Mag\u00edster de Educaci\u00f3n de Adultos y Procesos Formativos de la UPLA<\/span><\/a>\u00a0por ser un educador que vive la \u201crebeld\u00eda\u201d de su pensamiento cr\u00edtico y profundo y que al igual que Paulo Freire procura \u201c<em>leer los contextos del mundo\u201d<\/em>.<\/span><\/p>\n<p><span style=\"font-family: verdana, geneva; font-size: small; color: #000000;\"><img loading=\"lazy\" decoding=\"async\" class=\" alignleft size-full wp-image-265\" src=\"http:\/\/educaciondeadultos.cl\/web\/wp-content\/uploads\/2015\/11\/pinto2.jpg\" border=\"0\" alt=\"\" width=\"424\" height=\"282\" style=\"float: left;\" srcset=\"http:\/\/educaciondeadultos.cl\/web\/wp-content\/uploads\/2015\/11\/pinto2.jpg 640w, http:\/\/educaciondeadultos.cl\/web\/wp-content\/uploads\/2015\/11\/pinto2-300x200.jpg 300w\" sizes=\"auto, (max-width: 424px) 100vw, 424px\" \/>El\u00a0<strong>Dr. Pinto<\/strong>\u00a0manifest\u00f3 sentirse gratamente sorprendido. <\/span><\/p>\n<p><span style=\"font-family: verdana, geneva; font-size: small; color: #000000;\">\u201c<em>Nunca me lo esper\u00e9 porque nunca he hecho las cosas en mi vida para recibir un premio, pero es maravilloso que esta universidad me reconozca y me premie. Mi trabajo lo hago con mucha humildad, pero tambi\u00e9n con mucha pasi\u00f3n porque soy un hombre apasionado<\/em>\u201d, declar\u00f3 emocionado.<\/span><\/p>\n<p><span style=\"font-family: verdana, geneva; font-size: small;\"><span style=\"color: #000000;\">UPLA Noticias &#8211; Comunicaciones Edja- edici\u00f3n adaptada. 23 de noviembre 2015<\/span>.<\/span><\/p>\n","protected":false},"excerpt":{"rendered":"<p>Sorprendido reaccion\u00f3 el\u00a0Dr. en Educaci\u00f3n, Rolando Pinto Contreras, al saber que el\u00a0Premio Paulo Freire 2015, categor\u00eda nacional, reca\u00eda en su persona. Se trata de una distinci\u00f3n creada el 2013 por el\u00a0Programa Disciplinario de Educaci\u00f3n de J\u00f3venes y Adultos de la Universidad de Playa Ancha\u00a0para reconocer a quienes en su labor y trayectoria profesional representan el [&hellip;]<\/p>\n","protected":false},"author":1,"featured_media":263,"comment_status":"closed","ping_status":"closed","sticky":false,"template":"","format":"standard","meta":{"_et_pb_use_builder":"","_et_pb_old_content":"","_et_gb_content_width":"","_oasis_is_in_workflow":0,"_oasis_original":0,"footnotes":""},"categories":[45],"tags":[108],"class_list":["post-266","post","type-post","status-publish","format-standard","has-post-thumbnail","hentry","category-event","tag-tercer-seminario-educacion-de-jovenes-y-adultos-desde-una-perspectiva-inclusiva"],"_links":{"self":[{"href":"http:\/\/educaciondeadultos.cl\/web\/wp-json\/wp\/v2\/posts\/266","targetHints":{"allow":["GET"]}}],"collection":[{"href":"http:\/\/educaciondeadultos.cl\/web\/wp-json\/wp\/v2\/posts"}],"about":[{"href":"http:\/\/educaciondeadultos.cl\/web\/wp-json\/wp\/v2\/types\/post"}],"author":[{"embeddable":true,"href":"http:\/\/educaciondeadultos.cl\/web\/wp-json\/wp\/v2\/users\/1"}],"replies":[{"embeddable":true,"href":"http:\/\/educaciondeadultos.cl\/web\/wp-json\/wp\/v2\/comments?post=266"}],"version-history":[{"count":0,"href":"http:\/\/educaciondeadultos.cl\/web\/wp-json\/wp\/v2\/posts\/266\/revisions"}],"wp:featuredmedia":[{"embeddable":true,"href":"http:\/\/educaciondeadultos.cl\/web\/wp-json\/wp\/v2\/media\/263"}],"wp:attachment":[{"href":"http:\/\/educaciondeadultos.cl\/web\/wp-json\/wp\/v2\/media?parent=266"}],"wp:term":[{"taxonomy":"category","embeddable":true,"href":"http:\/\/educaciondeadultos.cl\/web\/wp-json\/wp\/v2\/categories?post=266"},{"taxonomy":"post_tag","embeddable":true,"href":"http:\/\/educaciondeadultos.cl\/web\/wp-json\/wp\/v2\/tags?post=266"}],"curies":[{"name":"wp","href":"https:\/\/api.w.org\/{rel}","templated":true}]}}