{"id":260,"date":"2015-11-21T12:46:02","date_gmt":"2015-11-21T15:46:02","guid":{"rendered":"http:\/\/educaciondeadultos.cl\/web\/2015\/11\/21\/mesa-de-trabajo-educacion-contextos-de-encierro\/"},"modified":"2015-11-21T12:46:02","modified_gmt":"2015-11-21T15:46:02","slug":"mesa-de-trabajo-educacion-contextos-de-encierro","status":"publish","type":"post","link":"http:\/\/educaciondeadultos.cl\/web\/2015\/11\/21\/mesa-de-trabajo-educacion-contextos-de-encierro\/","title":{"rendered":"MESA DE TRABAJO: EDUCACI\u00d3N CONTEXTOS DE ENCIERRO"},"content":{"rendered":"<p><img loading=\"lazy\" decoding=\"async\" class=\" size-full wp-image-258\" src=\"http:\/\/educaciondeadultos.cl\/web\/wp-content\/uploads\/2015\/11\/22b5b3b0334d4500edf03be1a111fda9.jpg\" alt=\"\" width=\"934\" height=\"540\" srcset=\"http:\/\/educaciondeadultos.cl\/web\/wp-content\/uploads\/2015\/11\/22b5b3b0334d4500edf03be1a111fda9.jpg 934w, http:\/\/educaciondeadultos.cl\/web\/wp-content\/uploads\/2015\/11\/22b5b3b0334d4500edf03be1a111fda9-300x173.jpg 300w, http:\/\/educaciondeadultos.cl\/web\/wp-content\/uploads\/2015\/11\/22b5b3b0334d4500edf03be1a111fda9-768x444.jpg 768w\" sizes=\"auto, (max-width: 934px) 100vw, 934px\" \/><\/p>\n<p><img loading=\"lazy\" decoding=\"async\" class=\" size-full wp-image-259\" src=\"http:\/\/educaciondeadultos.cl\/web\/wp-content\/uploads\/2015\/11\/contextosfinfin.jpg\" border=\"0\" alt=\"\" width=\"571\" height=\"330\" srcset=\"http:\/\/educaciondeadultos.cl\/web\/wp-content\/uploads\/2015\/11\/contextosfinfin.jpg 934w, http:\/\/educaciondeadultos.cl\/web\/wp-content\/uploads\/2015\/11\/contextosfinfin-300x173.jpg 300w, http:\/\/educaciondeadultos.cl\/web\/wp-content\/uploads\/2015\/11\/contextosfinfin-768x444.jpg 768w\" sizes=\"auto, (max-width: 571px) 100vw, 571px\" \/><\/p>\n<p><span style=\"color: #000000; font-family: verdana, geneva; font-size: small; line-height: 1.3em;\">\u00abLa educaci\u00f3n reduce la situaci\u00f3n de vulnerabilidad social, cultural, emocional de la persona privada de libertad\u00bb Esta es una de las reflexiones de la m<\/span><span style=\"color: #000000; font-family: verdana, geneva; font-size: small; line-height: 1.3em;\">esa de trabajo tem\u00e1tico \u00abEducaci\u00f3n de J\u00f3venes y Adultos en contextos de encierro cerrado, semi cerrado y medio libre\u00bb, en el marco del Tercer Seminario Internacional Educaci\u00f3n de J\u00f3venes y Adultos desde una Perspectiva Inclusiva. 19 y 20 de noviembre.<\/span><\/p>\n<p><span style=\"font-size: small; line-height: 1.3em; font-family: verdana, geneva; color: #000000;\">Expositores Mesa Tem\u00e1tica: Francisco Scarf\u00f3. Universidad de La Plata, Argentina y Violeta Collado, Coordinadora de Desarrollo Disciplinario Programa de Educaci\u00f3n de J\u00f3venes y Adultos. <\/span><\/p>\n<p><span style=\"font-size: small; line-height: 1.3em; font-family: verdana, geneva; color: #000000;\">Moderaci\u00f3n: Sebasti\u00e1n Mu\u00f1oz, estudiante Mag\u00edster de Educaci\u00f3n de Adultos y Procesos Formativos 2014.<\/span><\/p>\n<p><span style=\"font-family: verdana, geneva; font-size: small; color: #000000;\">Comunicaciones. 20 de noviembre 2015<\/span><span style=\"font-size: 12.16px; line-height: 1.3em;\">.<\/span><\/p>\n","protected":false},"excerpt":{"rendered":"<p>\u00abLa educaci\u00f3n reduce la situaci\u00f3n de vulnerabilidad social, cultural, emocional de la persona privada de libertad\u00bb Esta es una de las reflexiones de la mesa de trabajo tem\u00e1tico \u00abEducaci\u00f3n de J\u00f3venes y Adultos en contextos de encierro cerrado, semi cerrado y medio libre\u00bb, en el marco del Tercer Seminario Internacional Educaci\u00f3n de J\u00f3venes y Adultos [&hellip;]<\/p>\n","protected":false},"author":1,"featured_media":258,"comment_status":"closed","ping_status":"closed","sticky":false,"template":"","format":"standard","meta":{"_et_pb_use_builder":"","_et_pb_old_content":"","_et_gb_content_width":"","_oasis_is_in_workflow":0,"_oasis_original":0,"footnotes":""},"categories":[45],"tags":[108],"class_list":["post-260","post","type-post","status-publish","format-standard","has-post-thumbnail","hentry","category-event","tag-tercer-seminario-educacion-de-jovenes-y-adultos-desde-una-perspectiva-inclusiva"],"_links":{"self":[{"href":"http:\/\/educaciondeadultos.cl\/web\/wp-json\/wp\/v2\/posts\/260","targetHints":{"allow":["GET"]}}],"collection":[{"href":"http:\/\/educaciondeadultos.cl\/web\/wp-json\/wp\/v2\/posts"}],"about":[{"href":"http:\/\/educaciondeadultos.cl\/web\/wp-json\/wp\/v2\/types\/post"}],"author":[{"embeddable":true,"href":"http:\/\/educaciondeadultos.cl\/web\/wp-json\/wp\/v2\/users\/1"}],"replies":[{"embeddable":true,"href":"http:\/\/educaciondeadultos.cl\/web\/wp-json\/wp\/v2\/comments?post=260"}],"version-history":[{"count":0,"href":"http:\/\/educaciondeadultos.cl\/web\/wp-json\/wp\/v2\/posts\/260\/revisions"}],"wp:featuredmedia":[{"embeddable":true,"href":"http:\/\/educaciondeadultos.cl\/web\/wp-json\/wp\/v2\/media\/258"}],"wp:attachment":[{"href":"http:\/\/educaciondeadultos.cl\/web\/wp-json\/wp\/v2\/media?parent=260"}],"wp:term":[{"taxonomy":"category","embeddable":true,"href":"http:\/\/educaciondeadultos.cl\/web\/wp-json\/wp\/v2\/categories?post=260"},{"taxonomy":"post_tag","embeddable":true,"href":"http:\/\/educaciondeadultos.cl\/web\/wp-json\/wp\/v2\/tags?post=260"}],"curies":[{"name":"wp","href":"https:\/\/api.w.org\/{rel}","templated":true}]}}