{"id":257,"date":"2015-11-19T21:19:09","date_gmt":"2015-11-20T00:19:09","guid":{"rendered":"http:\/\/educaciondeadultos.cl\/web\/2015\/11\/19\/perspectivas-inclusivas-es-foco-de-cita-internacional-sobre-educacion-de-adultos\/"},"modified":"2015-11-19T21:19:09","modified_gmt":"2015-11-20T00:19:09","slug":"perspectivas-inclusivas-es-foco-de-cita-internacional-sobre-educacion-de-adultos","status":"publish","type":"post","link":"http:\/\/educaciondeadultos.cl\/web\/2015\/11\/19\/perspectivas-inclusivas-es-foco-de-cita-internacional-sobre-educacion-de-adultos\/","title":{"rendered":"Perspectivas inclusivas es foco de cita internacional sobre educaci\u00f3n de adultos"},"content":{"rendered":"<p><img loading=\"lazy\" decoding=\"async\" class=\" size-full wp-image-251\" src=\"http:\/\/educaciondeadultos.cl\/web\/wp-content\/uploads\/2015\/11\/e6c5ec4137a2831befad7e6d46559451.jpg\" alt=\"\" width=\"300\" height=\"200\" \/><\/p>\n<p><span style=\"font-family: verdana, geneva; font-size: small;\"><img loading=\"lazy\" decoding=\"async\" class=\" alignright size-full wp-image-252\" src=\"http:\/\/educaciondeadultos.cl\/web\/wp-content\/uploads\/2015\/11\/inau.jpg\" border=\"0\" alt=\"\" width=\"484\" height=\"322\" style=\"float: right;\" srcset=\"http:\/\/educaciondeadultos.cl\/web\/wp-content\/uploads\/2015\/11\/inau.jpg 640w, http:\/\/educaciondeadultos.cl\/web\/wp-content\/uploads\/2015\/11\/inau-300x200.jpg 300w\" sizes=\"auto, (max-width: 484px) 100vw, 484px\" \/>Con m\u00e1s de 140 participantes, 10 mesas de discusi\u00f3n y 16 expositores de Brasil, M\u00e9xico, Italia y Chile comenz\u00f3 el\u00a0<strong>\u201c<a href=\"http:\/\/www.educaciondeadultos.cl\/\">III Seminario Internacional de Educaci\u00f3n de J\u00f3venes y Adultos desde una perspectiva inclusiva<\/a>\u201c<\/strong>\u00a0que se realizar\u00e1 los d\u00edas 19 y 20 de noviembre en Valpara\u00edso.<\/span><\/p>\n<p><span style=\"font-family: verdana, geneva; font-size: small;\">La actividad acad\u00e9mica es organizada en conjunto por el Programa Disciplinario de Educaci\u00f3n de J\u00f3venes y Adultos de la Universidad de Playa Ancha, el Centro de Cooperaci\u00f3n Regional para la Educaci\u00f3n de Adultos en Am\u00e9rica Latina y el Caribe (CREFAL), la Serem\u00eda de Educaci\u00f3n de la Regi\u00f3n de Valpara\u00edso y la L\u00ednea de Educaci\u00f3n de Adultos del Departamento de Educaci\u00f3n de la Universidad de La Frontera.<\/span><\/p>\n<p><span style=\"font-family: verdana, geneva; font-size: small;\"><a href=\"http:\/\/www.upla.cl\/noticias\/wp-content\/uploads\/2015\/11\/sem_educacion_adultos_upla_04.jpg\"><img loading=\"lazy\" decoding=\"async\" class=\" alignleft size-full wp-image-253\" src=\"http:\/\/educaciondeadultos.cl\/web\/wp-content\/uploads\/2015\/11\/tercera.jpg\" border=\"0\" alt=\"\" width=\"183\" height=\"183\" style=\"float: left;\" srcset=\"http:\/\/educaciondeadultos.cl\/web\/wp-content\/uploads\/2015\/11\/tercera.jpg 150w, http:\/\/educaciondeadultos.cl\/web\/wp-content\/uploads\/2015\/11\/tercera-100x100.jpg 100w\" sizes=\"auto, (max-width: 183px) 100vw, 183px\" \/><\/a>En su inauguraci\u00f3n, el\u00a0<strong>rector UPLA Patricio Sanhueza Vivanco<\/strong>\u00a0recalc\u00f3 el trabajo que ha venido haciendo la instituci\u00f3n a trav\u00e9s del Programa Disciplinario, que dirige la Dra. Violeta Acu\u00f1a Collado, proyectos de investigaci\u00f3n y de intervenci\u00f3n.<\/span><\/p>\n<p><span style=\"font-family: verdana, geneva; font-size: small;\">\u201cLa UPLA hace este encuentro internacional trayendo grandes personalidades y referentes en el mundo sobre el tema de la educaci\u00f3n de adultos y lo hace como una contribuci\u00f3n m\u00e1s a resolver un problema que es grave en el pa\u00eds, teniendo como premisa la inclusi\u00f3n. Ejemplo de ello, son los programas que se realizan en la c\u00e1rcel a trav\u00e9s de esta l\u00ednea disciplinaria y de la Fundaci\u00f3n UPLA que procuran resolver problemas reales de la gente que no ha podido continuar estudios o que ha visto frustrado su propio desarrollo personal a prop\u00f3sito de no haber tenido oportunidades\u201d, asever\u00f3 la autoridad.<\/span><\/p>\n<p><span style=\"font-family: verdana, geneva; font-size: small;\"><img loading=\"lazy\" decoding=\"async\" class=\" alignright size-full wp-image-254\" src=\"http:\/\/educaciondeadultos.cl\/web\/wp-content\/uploads\/2015\/11\/mexico2.jpg\" border=\"0\" alt=\"\" style=\"float: right;\" width=\"300\" height=\"200\" \/>La\u00a0<strong>directora general del CREFAL, Mercedes Calder\u00f3n Garc\u00eda<\/strong>, destac\u00f3 la cercan\u00eda existente entre el organismo internacional y la UPLA que -seg\u00fan sus palabras- ha venido empe\u00f1\u00e1ndose en poner a la educaci\u00f3n de j\u00f3venes y adultos como un referente para transformar a nuestras sociedades e incidir en distintos \u00e1mbitos como trabajo, tecnolog\u00edas y contextos de inclusividad que tenemos que atender.<\/span><\/p>\n<p><span style=\"font-family: verdana, geneva; font-size: small;\">\u201cLa educaci\u00f3n de adultos tiene una gran responsabilidad desde que nace y se concibe ser inclusiva. Creo que este seminario toca temas transversales que seguramente con colegas, acad\u00e9micos y representantes de la pol\u00edtica educativa encontraremos caminos para acompa\u00f1arnos juntos teniendo presente que el gran desaf\u00edo de la educaci\u00f3n de adultos inclusiva es que se vincule la familia, la escuela y la comunidad\u201d, enfatiz\u00f3.<\/span><\/p>\n<h5><span style=\"font-family: verdana, geneva; font-size: small;\"><strong>Conferencia inaugural<\/strong><\/span><\/h5>\n<p><span style=\"font-family: verdana, geneva; font-size: small;\"><a href=\"http:\/\/www.upla.cl\/noticias\/wp-content\/uploads\/2015\/11\/sem_educacion_adultos_upla_10.jpg\"><img loading=\"lazy\" decoding=\"async\" class=\" alignleft size-full wp-image-255\" src=\"http:\/\/educaciondeadultos.cl\/web\/wp-content\/uploads\/2015\/11\/calvo.jpg\" border=\"0\" alt=\"\" width=\"348\" height=\"232\" style=\"float: left;\" \/><\/a>El encargado de inaugurar el Seminario fue el\u00a0<strong>Dr. Carlos Calvo Mu\u00f1oz, investigador del CREFAL<\/strong>, quien expuso sobre\u00a0<strong>\u201cEducaci\u00f3n de J\u00f3venes y Adultos desde una perspectiva inclusiva\u201d<\/strong>.<\/span><\/p>\n<p><span style=\"font-family: verdana, geneva; font-size: small;\">La exposici\u00f3n se bas\u00f3 en los datos arrojados por la Declaraci\u00f3n de Incheon \u201cHacia 2030: una nueva visi\u00f3n de la educaci\u00f3n\u201d, redactada al t\u00e9rmino del Foro Mundial sobre la Educaci\u00f3n realizado en mayo de 2015 en la Rep\u00fablica de Corea.<\/span><\/p>\n<p><span style=\"font-family: verdana, geneva; font-size: small;\">El Dr. en Educaci\u00f3n de la Universidad de Standford, Estados Unidos, plante\u00f3 su desaz\u00f3n a la luz de ese informe que plantea propuestas que actualmente no han dado resultados.<\/span><\/p>\n<p><span style=\"font-family: verdana, geneva; font-size: small;\"><a href=\"http:\/\/www.upla.cl\/noticias\/wp-content\/uploads\/2015\/11\/sem_educacion_adultos_upla_11.jpg\"><\/a>\u201cVan a haber avances, indiscutiblemente, pero esos avances van a ser menores. Se va a invertir mucho esfuerzo, se ver\u00e1 da\u00f1ada la ilusi\u00f3n de la gente y vamos a estar parados hablando de lo mismo\u201d, sentenci\u00f3 el Dr. Calvo.<\/span><\/p>\n<p><span style=\"font-family: verdana, geneva; font-size: small;\">Su propuesta para cambiar un futuro que se ve poco alentador, se basa en experiencias exitosas que van en la l\u00ednea de trabajar menos en contenidos y m\u00e1s en procesos de mediaci\u00f3n para que la persona aprenda a generar conocimiento.<\/span><\/p>\n<p><span style=\"font-family: verdana, geneva; font-size: small;\">\u201cLos contenidos no es que sean incorrectos sino que est\u00e1n desfasados y la persona no se ha apropiado de ellos. La persona no sabe qu\u00e9 le significa lo que est\u00e1 aprendiendo en la vida cotidiana, lo sabe decir pero no lo sabe utilizar\u201d, explic\u00f3.<\/span><\/p>\n<p><span style=\"font-family: verdana, geneva; font-size: small;\"><a href=\"http:\/\/www.upla.cl\/noticias\/wp-content\/uploads\/2015\/11\/sem_educacion_adultos_upla_01.jpg\"><\/a>Agreg\u00f3 que hay un error paradigm\u00e1tico que \u201cno nos permite ver lo equivocados que estamos porque creemos que con ese paradigma es as\u00ed como debemos hacer las cosas\u201d.<\/span><\/p>\n<p><span style=\"font-family: verdana, geneva; font-size: small;\"><img loading=\"lazy\" decoding=\"async\" class=\" alignleft size-full wp-image-256\" src=\"http:\/\/educaciondeadultos.cl\/web\/wp-content\/uploads\/2015\/11\/grupoinau.jpg\" border=\"0\" alt=\"\" width=\"388\" height=\"258\" style=\"float: left;\" \/>Respecto a quienes son los responsables de provocar ese cambio el especialista expres\u00f3 que debe ser el educando, el educador y las autoridades. \u201cTenemos que ayudar al educando para que se asuma como constructor de su conocimiento y el educador debe asumirse como co-constructor del conocimiento del resto. Evidentemente las autoridades tienen que facilitar que esto sea posible ya que una de las trampas de este paradigma es creer que entre m\u00e1s normas dictamos aseguramos los procesos y de verdad entre menos normas tenemos aseguramos m\u00e1s el proceso\u201d, concluy\u00f3.<\/span><\/p>\n<p><span style=\"font-family: verdana, geneva; font-size: small;\">El\u00a0<strong><a href=\"http:\/\/www.educaciondeadultos.cl\/\">III Seminario Internacional<\/a><\/strong>\u00a0se realizar\u00e1 en dos d\u00edas, en los que analizar\u00e1n temas relevantes y transversales sobre educaci\u00f3n para j\u00f3venes y adultos en contextos diversos; y compartir\u00e1n y reflexionar\u00e1n sobre experiencias pedag\u00f3gicas inclusivas en espacios educativos para j\u00f3venes y adultos.<\/span><\/p>\n<p>\u00a0<\/p>\n<p><span style=\"font-family: verdana, geneva; font-size: small;\">Fuente. UPLA Noticias. 19 de noviembre de 2015.<\/span><\/p>\n","protected":false},"excerpt":{"rendered":"<p>Con m\u00e1s de 140 participantes, 10 mesas de discusi\u00f3n y 16 expositores de Brasil, M\u00e9xico, Italia y Chile comenz\u00f3 el\u00a0\u201cIII Seminario Internacional de Educaci\u00f3n de J\u00f3venes y Adultos desde una perspectiva inclusiva\u201c\u00a0que se realizar\u00e1 los d\u00edas 19 y 20 de noviembre en Valpara\u00edso. La actividad acad\u00e9mica es organizada en conjunto por el Programa Disciplinario de [&hellip;]<\/p>\n","protected":false},"author":1,"featured_media":251,"comment_status":"closed","ping_status":"closed","sticky":false,"template":"","format":"standard","meta":{"_et_pb_use_builder":"","_et_pb_old_content":"","_et_gb_content_width":"","_oasis_is_in_workflow":0,"_oasis_original":0,"footnotes":""},"categories":[45],"tags":[],"class_list":["post-257","post","type-post","status-publish","format-standard","has-post-thumbnail","hentry","category-event"],"_links":{"self":[{"href":"http:\/\/educaciondeadultos.cl\/web\/wp-json\/wp\/v2\/posts\/257","targetHints":{"allow":["GET"]}}],"collection":[{"href":"http:\/\/educaciondeadultos.cl\/web\/wp-json\/wp\/v2\/posts"}],"about":[{"href":"http:\/\/educaciondeadultos.cl\/web\/wp-json\/wp\/v2\/types\/post"}],"author":[{"embeddable":true,"href":"http:\/\/educaciondeadultos.cl\/web\/wp-json\/wp\/v2\/users\/1"}],"replies":[{"embeddable":true,"href":"http:\/\/educaciondeadultos.cl\/web\/wp-json\/wp\/v2\/comments?post=257"}],"version-history":[{"count":0,"href":"http:\/\/educaciondeadultos.cl\/web\/wp-json\/wp\/v2\/posts\/257\/revisions"}],"wp:featuredmedia":[{"embeddable":true,"href":"http:\/\/educaciondeadultos.cl\/web\/wp-json\/wp\/v2\/media\/251"}],"wp:attachment":[{"href":"http:\/\/educaciondeadultos.cl\/web\/wp-json\/wp\/v2\/media?parent=257"}],"wp:term":[{"taxonomy":"category","embeddable":true,"href":"http:\/\/educaciondeadultos.cl\/web\/wp-json\/wp\/v2\/categories?post=257"},{"taxonomy":"post_tag","embeddable":true,"href":"http:\/\/educaciondeadultos.cl\/web\/wp-json\/wp\/v2\/tags?post=257"}],"curies":[{"name":"wp","href":"https:\/\/api.w.org\/{rel}","templated":true}]}}