{"id":250,"date":"2015-11-19T21:01:37","date_gmt":"2015-11-20T00:01:37","guid":{"rendered":"http:\/\/educaciondeadultos.cl\/web\/2015\/11\/19\/registro-fotografico-tercer-seminario-internacional-educacion-de-adultos-y-jovenes-desde-una-perspectiva-inclusiva\/"},"modified":"2015-11-19T21:01:37","modified_gmt":"2015-11-20T00:01:37","slug":"registro-fotografico-tercer-seminario-internacional-educacion-de-adultos-y-jovenes-desde-una-perspectiva-inclusiva","status":"publish","type":"post","link":"http:\/\/educaciondeadultos.cl\/web\/2015\/11\/19\/registro-fotografico-tercer-seminario-internacional-educacion-de-adultos-y-jovenes-desde-una-perspectiva-inclusiva\/","title":{"rendered":"Registro Fotogr\u00e1fico &#8211; Audiovisual. Tercer Seminario Internacional Educaci\u00f3n de Adultos y J\u00f3venes desde una perspectiva inclusiva"},"content":{"rendered":"<p><img loading=\"lazy\" decoding=\"async\" class=\" size-full wp-image-239\" src=\"http:\/\/educaciondeadultos.cl\/web\/wp-content\/uploads\/2015\/11\/44ea8054159099b6b90b5528233befe0.jpg\" alt=\"\" width=\"960\" height=\"638\" srcset=\"http:\/\/educaciondeadultos.cl\/web\/wp-content\/uploads\/2015\/11\/44ea8054159099b6b90b5528233befe0.jpg 960w, http:\/\/educaciondeadultos.cl\/web\/wp-content\/uploads\/2015\/11\/44ea8054159099b6b90b5528233befe0-300x199.jpg 300w, http:\/\/educaciondeadultos.cl\/web\/wp-content\/uploads\/2015\/11\/44ea8054159099b6b90b5528233befe0-768x510.jpg 768w\" sizes=\"auto, (max-width: 960px) 100vw, 960px\" \/><\/p>\n<p><img loading=\"lazy\" decoding=\"async\" class=\" size-full wp-image-240\" src=\"http:\/\/educaciondeadultos.cl\/web\/wp-content\/uploads\/2015\/11\/grupoprimer.jpg\" border=\"0\" alt=\"\" width=\"706\" height=\"518\" srcset=\"http:\/\/educaciondeadultos.cl\/web\/wp-content\/uploads\/2015\/11\/grupoprimer.jpg 860w, http:\/\/educaciondeadultos.cl\/web\/wp-content\/uploads\/2015\/11\/grupoprimer-300x220.jpg 300w, http:\/\/educaciondeadultos.cl\/web\/wp-content\/uploads\/2015\/11\/grupoprimer-768x563.jpg 768w\" sizes=\"auto, (max-width: 706px) 100vw, 706px\" \/><\/p>\n<p><img loading=\"lazy\" decoding=\"async\" class=\" size-full wp-image-241\" src=\"http:\/\/educaciondeadultos.cl\/web\/wp-content\/uploads\/2015\/11\/2.jpg\" border=\"0\" alt=\"\" width=\"421\" height=\"280\" srcset=\"http:\/\/educaciondeadultos.cl\/web\/wp-content\/uploads\/2015\/11\/2.jpg 960w, http:\/\/educaciondeadultos.cl\/web\/wp-content\/uploads\/2015\/11\/2-300x199.jpg 300w, http:\/\/educaciondeadultos.cl\/web\/wp-content\/uploads\/2015\/11\/2-768x510.jpg 768w\" sizes=\"auto, (max-width: 421px) 100vw, 421px\" \/><img loading=\"lazy\" decoding=\"async\" class=\" size-full wp-image-242\" src=\"http:\/\/educaciondeadultos.cl\/web\/wp-content\/uploads\/2015\/11\/grupofin.jpg\" border=\"0\" alt=\"\" width=\"420\" height=\"279\" srcset=\"http:\/\/educaciondeadultos.cl\/web\/wp-content\/uploads\/2015\/11\/grupofin.jpg 960w, http:\/\/educaciondeadultos.cl\/web\/wp-content\/uploads\/2015\/11\/grupofin-300x199.jpg 300w, http:\/\/educaciondeadultos.cl\/web\/wp-content\/uploads\/2015\/11\/grupofin-768x510.jpg 768w\" sizes=\"auto, (max-width: 420px) 100vw, 420px\" \/><\/p>\n<p><img loading=\"lazy\" decoding=\"async\" class=\" alignleft size-full wp-image-243\" src=\"http:\/\/educaciondeadultos.cl\/web\/wp-content\/uploads\/2015\/11\/4.jpg\" border=\"0\" alt=\"\" width=\"394\" height=\"262\" style=\"float: left;\" srcset=\"http:\/\/educaciondeadultos.cl\/web\/wp-content\/uploads\/2015\/11\/4.jpg 960w, http:\/\/educaciondeadultos.cl\/web\/wp-content\/uploads\/2015\/11\/4-300x199.jpg 300w, http:\/\/educaciondeadultos.cl\/web\/wp-content\/uploads\/2015\/11\/4-768x510.jpg 768w\" sizes=\"auto, (max-width: 394px) 100vw, 394px\" \/><\/p>\n<p><img loading=\"lazy\" decoding=\"async\" class=\" size-full wp-image-244\" src=\"http:\/\/educaciondeadultos.cl\/web\/wp-content\/uploads\/2015\/11\/5.jpg\" border=\"0\" alt=\"\" width=\"451\" height=\"300\" srcset=\"http:\/\/educaciondeadultos.cl\/web\/wp-content\/uploads\/2015\/11\/5.jpg 960w, http:\/\/educaciondeadultos.cl\/web\/wp-content\/uploads\/2015\/11\/5-300x199.jpg 300w, http:\/\/educaciondeadultos.cl\/web\/wp-content\/uploads\/2015\/11\/5-768x510.jpg 768w\" sizes=\"auto, (max-width: 451px) 100vw, 451px\" \/><\/p>\n<p><img loading=\"lazy\" decoding=\"async\" class=\" size-full wp-image-245\" src=\"http:\/\/educaciondeadultos.cl\/web\/wp-content\/uploads\/2015\/11\/mesaconclu3.jpg\" border=\"0\" alt=\"\" width=\"449\" height=\"298\" srcset=\"http:\/\/educaciondeadultos.cl\/web\/wp-content\/uploads\/2015\/11\/mesaconclu3.jpg 526w, http:\/\/educaciondeadultos.cl\/web\/wp-content\/uploads\/2015\/11\/mesaconclu3-300x199.jpg 300w\" sizes=\"auto, (max-width: 449px) 100vw, 449px\" \/><img loading=\"lazy\" decoding=\"async\" class=\" size-full wp-image-246\" src=\"http:\/\/educaciondeadultos.cl\/web\/wp-content\/uploads\/2015\/11\/exponerolandopinto.jpg\" border=\"0\" alt=\"\" width=\"434\" height=\"289\" srcset=\"http:\/\/educaciondeadultos.cl\/web\/wp-content\/uploads\/2015\/11\/exponerolandopinto.jpg 960w, http:\/\/educaciondeadultos.cl\/web\/wp-content\/uploads\/2015\/11\/exponerolandopinto-300x199.jpg 300w, http:\/\/educaciondeadultos.cl\/web\/wp-content\/uploads\/2015\/11\/exponerolandopinto-768x510.jpg 768w\" sizes=\"auto, (max-width: 434px) 100vw, 434px\" \/><\/p>\n<p><img loading=\"lazy\" decoding=\"async\" class=\" size-full wp-image-247\" src=\"http:\/\/educaciondeadultos.cl\/web\/wp-content\/uploads\/2015\/11\/mesaconclu2.jpg\" border=\"0\" alt=\"\" width=\"415\" height=\"276\" srcset=\"http:\/\/educaciondeadultos.cl\/web\/wp-content\/uploads\/2015\/11\/mesaconclu2.jpg 960w, http:\/\/educaciondeadultos.cl\/web\/wp-content\/uploads\/2015\/11\/mesaconclu2-300x199.jpg 300w, http:\/\/educaciondeadultos.cl\/web\/wp-content\/uploads\/2015\/11\/mesaconclu2-768x510.jpg 768w\" sizes=\"auto, (max-width: 415px) 100vw, 415px\" \/><img loading=\"lazy\" decoding=\"async\" class=\" size-full wp-image-248\" src=\"http:\/\/educaciondeadultos.cl\/web\/wp-content\/uploads\/2015\/11\/contextosfin.jpg\" border=\"0\" alt=\"\" width=\"418\" height=\"278\" srcset=\"http:\/\/educaciondeadultos.cl\/web\/wp-content\/uploads\/2015\/11\/contextosfin.jpg 960w, http:\/\/educaciondeadultos.cl\/web\/wp-content\/uploads\/2015\/11\/contextosfin-300x199.jpg 300w, http:\/\/educaciondeadultos.cl\/web\/wp-content\/uploads\/2015\/11\/contextosfin-768x510.jpg 768w\" sizes=\"auto, (max-width: 418px) 100vw, 418px\" \/><\/p>\n<p><img loading=\"lazy\" decoding=\"async\" class=\" size-full wp-image-249\" src=\"http:\/\/educaciondeadultos.cl\/web\/wp-content\/uploads\/2015\/11\/grupooficialfin.jpg\" border=\"0\" alt=\"\" width=\"830\" height=\"609\" srcset=\"http:\/\/educaciondeadultos.cl\/web\/wp-content\/uploads\/2015\/11\/grupooficialfin.jpg 860w, http:\/\/educaciondeadultos.cl\/web\/wp-content\/uploads\/2015\/11\/grupooficialfin-300x220.jpg 300w, http:\/\/educaciondeadultos.cl\/web\/wp-content\/uploads\/2015\/11\/grupooficialfin-768x563.jpg 768w\" sizes=\"auto, (max-width: 830px) 100vw, 830px\" \/><\/p>\n<p>\u00a0<\/p>\n<p>23 de noviembre. Comunicaciones Edja UPLA.<\/p>\n<p>\u00a0<\/p>\n<div class=\"k2_video\">[iframe width=\u00bb560&#8243; height=\u00bb315&#8243; src=\u00bbhttps:\/\/www.youtube.com\/embed\/UMF27uejPU0&#8243; frameborder=\u00bb0&#8243; allowfullscreen ]<\/div>\n","protected":false},"excerpt":{"rendered":"<p>\u00a0 23 de noviembre. Comunicaciones Edja UPLA. \u00a0 [iframe width=\u00bb560&#8243; height=\u00bb315&#8243; src=\u00bbhttps:\/\/www.youtube.com\/embed\/UMF27uejPU0&#8243; frameborder=\u00bb0&#8243; allowfullscreen ]<\/p>\n","protected":false},"author":1,"featured_media":239,"comment_status":"closed","ping_status":"closed","sticky":false,"template":"","format":"standard","meta":{"_et_pb_use_builder":"","_et_pb_old_content":"","_et_gb_content_width":"","_oasis_is_in_workflow":0,"_oasis_original":0,"footnotes":""},"categories":[45],"tags":[108],"class_list":["post-250","post","type-post","status-publish","format-standard","has-post-thumbnail","hentry","category-event","tag-tercer-seminario-educacion-de-jovenes-y-adultos-desde-una-perspectiva-inclusiva"],"_links":{"self":[{"href":"http:\/\/educaciondeadultos.cl\/web\/wp-json\/wp\/v2\/posts\/250","targetHints":{"allow":["GET"]}}],"collection":[{"href":"http:\/\/educaciondeadultos.cl\/web\/wp-json\/wp\/v2\/posts"}],"about":[{"href":"http:\/\/educaciondeadultos.cl\/web\/wp-json\/wp\/v2\/types\/post"}],"author":[{"embeddable":true,"href":"http:\/\/educaciondeadultos.cl\/web\/wp-json\/wp\/v2\/users\/1"}],"replies":[{"embeddable":true,"href":"http:\/\/educaciondeadultos.cl\/web\/wp-json\/wp\/v2\/comments?post=250"}],"version-history":[{"count":0,"href":"http:\/\/educaciondeadultos.cl\/web\/wp-json\/wp\/v2\/posts\/250\/revisions"}],"wp:featuredmedia":[{"embeddable":true,"href":"http:\/\/educaciondeadultos.cl\/web\/wp-json\/wp\/v2\/media\/239"}],"wp:attachment":[{"href":"http:\/\/educaciondeadultos.cl\/web\/wp-json\/wp\/v2\/media?parent=250"}],"wp:term":[{"taxonomy":"category","embeddable":true,"href":"http:\/\/educaciondeadultos.cl\/web\/wp-json\/wp\/v2\/categories?post=250"},{"taxonomy":"post_tag","embeddable":true,"href":"http:\/\/educaciondeadultos.cl\/web\/wp-json\/wp\/v2\/tags?post=250"}],"curies":[{"name":"wp","href":"https:\/\/api.w.org\/{rel}","templated":true}]}}