{"id":236,"date":"2015-11-12T19:24:33","date_gmt":"2015-11-12T22:24:33","guid":{"rendered":"http:\/\/educaciondeadultos.cl\/web\/2015\/11\/12\/programa-seminario-internacional-de-educacion-de-jovenes-y-adultos-desde-una-perspectiva-inclusiva\/"},"modified":"2018-11-19T13:47:34","modified_gmt":"2018-11-19T16:47:34","slug":"programa-seminario-internacional-de-educacion-de-jovenes-y-adultos-desde-una-perspectiva-inclusiva","status":"publish","type":"post","link":"http:\/\/educaciondeadultos.cl\/web\/2015\/11\/12\/programa-seminario-internacional-de-educacion-de-jovenes-y-adultos-desde-una-perspectiva-inclusiva\/","title":{"rendered":"Programa \u00abSEMINARIO INTERNACIONAL DE EDUCACI\u00d3N DE J\u00d3VENES Y ADULTOS DESDE UNA PERSPECTIVA INCLUSIVA\u201d"},"content":{"rendered":"<p><img loading=\"lazy\" decoding=\"async\" class=\" alignright size-full wp-image-227\" src=\"http:\/\/educaciondeadultos.cl\/web\/wp-content\/uploads\/2015\/10\/aficheIIIseminariofin.jpg\" border=\"0\" alt=\"\" width=\"440\" height=\"667\" style=\"float: right;\" \/><\/p>\n<p><span style=\"font-size: small; line-height: 1.3em; font-family: verdana, geneva; color: #000000;\">PROGRAMA<\/span><\/p>\n<p><strong><span style=\"font-family: verdana, geneva; font-size: small; color: #000000;\">Jueves 19 de noviembre 2015<\/span><\/strong><\/p>\n<p><span style=\"font-family: verdana, geneva; font-size: small; color: #000000;\">08:45 hrs. &#8211; 09:00 hrs. Recepci\u00f3n<\/span><\/p>\n<p><span style=\"font-family: verdana, geneva; font-size: small; color: #000000;\">09:00 hrs. &#8211; 10:15 hrs. Inauguraci\u00f3n y Palabras de Autoridades <\/span><\/p>\n<p><span style=\"font-family: verdana, geneva; font-size: small; color: #000000;\">&#8211;\u00a0<\/span><span style=\"font-family: verdana, geneva; font-size: small; color: #000000;\">Dra. Mercedes Calder\u00f3n, Directora de Centro Regional Para la Educaci\u00f3n de Adultos en Am\u00e9rica Latina y el Caribe, <strong>CREFAL.<\/strong><\/span><\/p>\n<p><span style=\"font-family: verdana, geneva; font-size: small; color: #000000;\">&#8211; Se\u00f1ora Mar\u00eda Isabel Infante, <strong>Coordinadora Nacional de Educaci\u00f3n de Personas J\u00f3venes y Adultas.<\/strong><\/span><\/p>\n<p><span style=\"font-family: verdana, geneva; font-size: small; color: #000000;\">&#8211; Sr. Patricio Sanhueza Vicencio, <strong>Rector Universidad de Playa Ancha.<\/strong><\/span><\/p>\n<p><span style=\"font-family: verdana, geneva; font-size: small; color: #000000;\">10:15 hrs. &#8211; 11:00 hrs. <strong>Conferencia \u201cEducaci\u00f3n de J\u00f3venes y Adultos desde una Perspectiva Inclusiva\u201d,\u00a0<span style=\"line-height: 1.3em;\">Dr. Carlos Calvo Mu\u00f1oz. <\/span><\/strong><\/span><\/p>\n<p><span style=\"font-size: small; line-height: 1.3em; font-family: verdana, geneva; color: #000000;\">11:00 hrs. &#8211; 11.30 hrs. Coffee Break <\/span><\/p>\n<p><span style=\"font-size: small; line-height: 1.3em; font-family: verdana, geneva; color: #000000;\">11:30 hrs. &#8211; 13:00 hrs. Desarrollo Mesas Tem\u00e1ticas. <\/span><\/p>\n<p><span style=\"font-size: small; line-height: 1.3em; font-family: verdana, geneva; color: #000000;\">13:00 hrs. &#8211; 14.30 hrs. Almuerzo <\/span><\/p>\n<p><span style=\"font-size: small; line-height: 1.3em; font-family: verdana, geneva; color: #000000;\">14:30 hrs. &#8211; 16:00 hrs. Desarrollo Mesas Tem\u00e1ticas. <\/span><\/p>\n<p><span style=\"font-size: small; line-height: 1.3em; font-family: verdana, geneva; color: #000000;\">16:00 hrs. &#8211; 16:15 hrs. Coffee Break<\/span><\/p>\n<p><span style=\"font-size: small; line-height: 1.3em; font-family: verdana, geneva; color: #000000;\"> 16:15 hrs. &#8211; 17:30 hrs. Desarrollo Mesas Tem\u00e1ticas y Cierre Jornada. <\/span><\/p>\n<p><strong><span style=\"font-size: small; line-height: 1.3em; font-family: verdana, geneva; color: #000000;\">Viernes 20 de noviembre 2015 <\/span><\/strong><\/p>\n<p><span style=\"font-size: small; line-height: 1.3em; font-family: verdana, geneva; color: #000000;\">08:45 hrs. &#8211; 09:00 hrs. Recepci\u00f3n<\/span><\/p>\n<p><span style=\"font-size: small; line-height: 1.3em; font-family: verdana, geneva; color: #000000;\"> 09:00 hrs. &#8211; 11:00 hrs. Continuaci\u00f3n Desarrollo Mesas Tem\u00e1ticas. <\/span><\/p>\n<p><span style=\"font-size: small; line-height: 1.3em; font-family: verdana, geneva; color: #000000;\">11:00 hrs. &#8211; 11.15 hrs. Coffee Break<\/span><\/p>\n<p><span style=\"font-size: small; line-height: 1.3em; font-family: verdana, geneva; color: #000000;\"> 11:15 hrs. &#8211; 13:00 hrs. Continuaci\u00f3n Desarrollo Mesas Tem\u00e1ticas. <\/span><\/p>\n<p><span style=\"font-size: small; line-height: 1.3em; font-family: verdana, geneva; color: #000000;\">13:00 hrs. &#8211; 14.30 hrs. Almuerzo <\/span><\/p>\n<p><span style=\"font-size: small; line-height: 1.3em; font-family: verdana, geneva; color: #000000;\">14:30 hrs. &#8211; 15:30 hrs.<strong> I Parte Presentaci\u00f3n de Conclusiones<\/strong>. <\/span><\/p>\n<p><span style=\"font-size: small; line-height: 1.3em; font-family: verdana, geneva; color: #000000;\">15:30 hrs. &#8211; 15:45 hrs. Coffee Break <\/span><\/p>\n<p><span style=\"font-size: small; line-height: 1.3em; font-family: verdana, geneva; color: #000000;\">15:45 hrs. &#8211; 17:30 hrs. <strong>II Parte Presentaci\u00f3n de Conclusiones. <\/strong><\/span><\/p>\n<p><span style=\"font-size: small; line-height: 1.3em; font-family: verdana, geneva; color: #000000;\"><strong>Certificaci\u00f3n Palabras Finales<\/strong>. Dra. Violeta Acu\u00f1a Collado, Coordinadora de Educaci\u00f3n de J\u00f3venes y Adultos, Facultad de Ciencias de la Educaci\u00f3n, Universidad de Playa Ancha, Chile.<\/span><\/p>\n<p>\u00a0<\/p>\n<p><span style=\"font-size: small; line-height: 1.3em; font-family: verdana, geneva; color: #000000;\">Ver aqu\u00ed: <strong><a href=\"http:\/\/educaciondeadultos.cl\/web\/2015\/11\/11\/mesas-de-trabajo-expositores-moderadores\/\">Mesas de Trabajo. Contenidos, Expositores y Moderadores<\/a>.<\/strong><\/span><\/p>\n<p>\u00a0<\/p>\n<p><span style=\"font-size: 12.16px; line-height: 1.3em;\">Comunicaciones. 12 de noviembre de 2015.<\/span><\/p>\n","protected":false},"excerpt":{"rendered":"<p>PROGRAMA Jueves 19 de noviembre 2015 08:45 hrs. &#8211; 09:00 hrs. Recepci\u00f3n 09:00 hrs. &#8211; 10:15 hrs. Inauguraci\u00f3n y Palabras de Autoridades &#8211;\u00a0Dra. Mercedes Calder\u00f3n, Directora de Centro Regional Para la Educaci\u00f3n de Adultos en Am\u00e9rica Latina y el Caribe, CREFAL. &#8211; Se\u00f1ora Mar\u00eda Isabel Infante, Coordinadora Nacional de Educaci\u00f3n de Personas J\u00f3venes y Adultas. [&hellip;]<\/p>\n","protected":false},"author":1,"featured_media":227,"comment_status":"closed","ping_status":"closed","sticky":false,"template":"","format":"standard","meta":{"_et_pb_use_builder":"","_et_pb_old_content":"","_et_gb_content_width":"","_oasis_is_in_workflow":0,"_oasis_original":0,"footnotes":""},"categories":[45],"tags":[108],"class_list":["post-236","post","type-post","status-publish","format-standard","has-post-thumbnail","hentry","category-event","tag-tercer-seminario-educacion-de-jovenes-y-adultos-desde-una-perspectiva-inclusiva"],"_links":{"self":[{"href":"http:\/\/educaciondeadultos.cl\/web\/wp-json\/wp\/v2\/posts\/236","targetHints":{"allow":["GET"]}}],"collection":[{"href":"http:\/\/educaciondeadultos.cl\/web\/wp-json\/wp\/v2\/posts"}],"about":[{"href":"http:\/\/educaciondeadultos.cl\/web\/wp-json\/wp\/v2\/types\/post"}],"author":[{"embeddable":true,"href":"http:\/\/educaciondeadultos.cl\/web\/wp-json\/wp\/v2\/users\/1"}],"replies":[{"embeddable":true,"href":"http:\/\/educaciondeadultos.cl\/web\/wp-json\/wp\/v2\/comments?post=236"}],"version-history":[{"count":1,"href":"http:\/\/educaciondeadultos.cl\/web\/wp-json\/wp\/v2\/posts\/236\/revisions"}],"predecessor-version":[{"id":799,"href":"http:\/\/educaciondeadultos.cl\/web\/wp-json\/wp\/v2\/posts\/236\/revisions\/799"}],"wp:featuredmedia":[{"embeddable":true,"href":"http:\/\/educaciondeadultos.cl\/web\/wp-json\/wp\/v2\/media\/227"}],"wp:attachment":[{"href":"http:\/\/educaciondeadultos.cl\/web\/wp-json\/wp\/v2\/media?parent=236"}],"wp:term":[{"taxonomy":"category","embeddable":true,"href":"http:\/\/educaciondeadultos.cl\/web\/wp-json\/wp\/v2\/categories?post=236"},{"taxonomy":"post_tag","embeddable":true,"href":"http:\/\/educaciondeadultos.cl\/web\/wp-json\/wp\/v2\/tags?post=236"}],"curies":[{"name":"wp","href":"https:\/\/api.w.org\/{rel}","templated":true}]}}