{"id":230,"date":"2015-10-09T23:34:52","date_gmt":"2015-10-10T02:34:52","guid":{"rendered":"http:\/\/educaciondeadultos.cl\/web\/2015\/10\/09\/convocatoria-tercer-seminario-internacional-educacion-de-jovenes-y-adultos-desde-una-perspectiva-inclusiva-19-20-noviembre\/"},"modified":"2015-10-09T23:34:52","modified_gmt":"2015-10-10T02:34:52","slug":"convocatoria-tercer-seminario-internacional-educacion-de-jovenes-y-adultos-desde-una-perspectiva-inclusiva-19-20-noviembre","status":"publish","type":"post","link":"http:\/\/educaciondeadultos.cl\/web\/2015\/10\/09\/convocatoria-tercer-seminario-internacional-educacion-de-jovenes-y-adultos-desde-una-perspectiva-inclusiva-19-20-noviembre\/","title":{"rendered":"Convocatoria TERCER SEMINARIO INTERNACIONAL \u201cEDUCACI\u00d3N DE J\u00d3VENES Y ADULTOS DESDE UNA PERSPECTIVA INCLUSIVA\u201d.19-20 noviembre."},"content":{"rendered":"<p><img loading=\"lazy\" decoding=\"async\" class=\" size-full wp-image-225\" src=\"http:\/\/educaciondeadultos.cl\/web\/wp-content\/uploads\/2015\/10\/24f13dfd02fd46bd71a7e0abea42e3b3.jpg\" alt=\"\" width=\"633\" height=\"960\" srcset=\"http:\/\/educaciondeadultos.cl\/web\/wp-content\/uploads\/2015\/10\/24f13dfd02fd46bd71a7e0abea42e3b3.jpg 633w, http:\/\/educaciondeadultos.cl\/web\/wp-content\/uploads\/2015\/10\/24f13dfd02fd46bd71a7e0abea42e3b3-198x300.jpg 198w\" sizes=\"auto, (max-width: 633px) 100vw, 633px\" \/><\/p>\n<div class=\"_2cuy _3dgx\"><span style=\"color: #000000; font-family: verdana, geneva; font-size: small;\"><img loading=\"lazy\" decoding=\"async\" class=\" alignright size-full wp-image-226\" src=\"http:\/\/educaciondeadultos.cl\/web\/wp-content\/uploads\/2015\/10\/banneredja.jpg\" border=\"0\" alt=\"\" width=\"1232\" height=\"333\" style=\"float: right;\" \/><\/span><\/div>\n<div class=\"_2cuy _3dgx\">\u00a0<\/div>\n<div class=\"_2cuy _3dgx\"><span style=\"font-size: 12.16px; line-height: 1.3em;\">\u00a0<\/span><\/div>\n<div class=\"_2cuy _3dgx\"><span style=\"color: #000000; font-family: verdana, geneva; font-size: small;\">El Programa de Desarrollo Disciplinario de Educaci\u00f3n de J\u00f3venes y Adultos, el Mag\u00edster de Educaci\u00f3n de Adultos y Procesos<\/span><\/div>\n<div class=\"_2cuy _3dgx\"><span style=\"color: #000000; font-family: verdana, geneva; font-size: small;\"> Formativos de la Facultad de Ciencias de la Educaci\u00f3n de la Universidad de Playa Ancha, en conjunto con el Centro de Cooperaci\u00f3n Regional para la Educaci\u00f3n de Adultos en Am\u00e9rica Latina y el Caribe CREFAL; Ministerio de Educaci\u00f3n y la L\u00ednea de Educaci\u00f3n de Adultos del Departamento de Educaci\u00f3n de la Universidad de La Frontera, desean contribuir a la generaci\u00f3n de instancias de formaci\u00f3n profesional y construcci\u00f3n de conocimiento en la Educaci\u00f3n para J\u00f3venes y Adultos. En este marco se convoca a profesores, educadores de Educaci\u00f3n de J\u00f3venes y Adultos de diversas modalidades a participar del <strong>\u201cSeminario en Educaci\u00f3n J\u00f3venes y Adultos desde una Perspectiva Inclusiva\u201d<\/strong><\/span>.<\/div>\n<div class=\"_2cuy _3dgx\">\u00a0<\/div>\n<div class=\"_2cuy _3dgx\"><span style=\"font-family: verdana, geneva; font-size: small;\">Para la UNESCO, educaci\u00f3n inclusiva es \u201c<strong><em>un proceso de fortalecimiento de la capacidad del sistema educativo para llegar a todos los educandos; por lo tanto, puede entenderse como una estrategia clave para alcanzar la EPT. Como principio general, deber\u00eda orientar todas las pol\u00edticas y pr\u00e1cticas educativas, partiendo del hecho de que la educaci\u00f3n es un derecho humano b\u00e1sico y el fundamento de una sociedad m\u00e1s justa e igualitaria<\/em>.\u201d (2009).<\/strong><\/span><\/div>\n<div class=\"_2cuy _3dgx\"><span style=\"font-family: verdana, geneva; font-size: small;\">\u00a0<\/span><\/div>\n<div class=\"_2cuy _3dgx\"><span style=\"color: #000000; font-family: verdana, geneva; font-size: small;\">Por consiguiente, bas\u00e1ndonos en la declaraci\u00f3n de Unesco, el enfoque inclusivo se concibe como principio fundamental que orienta, como un constante desaf\u00edo, las pr\u00e1cticas educativas en la formaci\u00f3n de j\u00f3venes y adultos tanto en sistemas educativos formales como no formales, (Educaci\u00f3n Superior, Nivelaci\u00f3n de Estudios, Capacitaci\u00f3n, Educaci\u00f3n Comunitaria), propiciando el derecho a la educaci\u00f3n de todos y todas.<\/span><\/div>\n<div class=\"_2cuy _3dgx\"><span style=\"color: #000000; font-family: verdana, geneva; font-size: small;\">\u00a0<\/span><\/div>\n<div class=\"_2cuy _3dgx\"><span style=\"color: #000000; font-family: verdana, geneva; font-size: small;\">La educaci\u00f3n inclusiva es un proceso que responde a las diversas necesidades de las y los estudiantes que deseen continuar en un aprendizaje permanente para su desarrollo como sujetos de derechos.<\/span><\/div>\n<div class=\"_2cuy _3dgx\"><span style=\"color: #000000; font-family: verdana, geneva; font-size: small;\">\u00a0<\/span><\/div>\n<div class=\"_2cuy _3dgx\"><span style=\"color: #000000; font-family: verdana, geneva; font-size: small;\"><img loading=\"lazy\" decoding=\"async\" class=\" alignright size-full wp-image-227\" src=\"http:\/\/educaciondeadultos.cl\/web\/wp-content\/uploads\/2015\/10\/aficheIIIseminariofin.jpg\" border=\"0\" alt=\"\" width=\"440\" height=\"668\" style=\"float: right;\" \/>Los aspectos facilitadores de este enfoque para el Programa son: aceptaci\u00f3n y respeto de los diversos contextos culturales, promoci\u00f3n de la alfabetizaci\u00f3n, construcci\u00f3n de comunidad y sentido de pertenencia que permita la valoraci\u00f3n del potencial de aprendizaje de los j\u00f3venes y adultos, de modo de dar respuestas sus necesidades educativas y facilitar la construcci\u00f3n sus aprendizajes.<\/span><\/div>\n<div class=\"_2cuy _3dgx\"><span style=\"color: #000000; font-family: verdana, geneva; font-size: small;\">\u00a0<\/span><\/div>\n<div class=\"_2cuy _3dgx\"><span style=\"color: #000000; font-family: verdana, geneva; font-size: small;\">El prop\u00f3sito principal de este evento es generar un espacio de reflexi\u00f3n, an\u00e1lisis y construcci\u00f3n de conocimientos desde la perspectiva inclusiva entre profesionales que se desempe\u00f1an en Educaci\u00f3n de J\u00f3venes y Adultos siendo sus objetivos:<\/span><\/div>\n<div class=\"_2cuy _3dgx\"><span style=\"color: #000000; font-family: verdana, geneva; font-size: small;\">\u00a0<\/span><\/div>\n<div class=\"_2cuy _3dgx\"><span style=\"color: #000000; font-family: verdana, geneva; font-size: small;\">&#8211; <strong>Analizar tem\u00e1ticas relevantes y transversales sobre Educaci\u00f3n para j\u00f3venes y adultos en contextos diversos<\/strong>.<\/span><\/div>\n<div class=\"_2cuy _3dgx\"><span style=\"color: #000000; font-family: verdana, geneva; font-size: small;\">\u00a0<\/span><\/div>\n<div class=\"_2cuy _3dgx\"><span style=\"color: #000000; font-family: verdana, geneva; font-size: small;\">&#8211; <strong>Compartir y reflexionar cr\u00edticamente experiencias pedag\u00f3gicas inclusivas en contextos educativos para J\u00f3venes y Adultos<\/strong>.<\/span><\/div>\n<div class=\"_2cuy _3dgx\"><span style=\"color: #000000; font-family: verdana, geneva; font-size: small;\">\u00a0<\/span><\/div>\n<div class=\"_2cuy _3dgx\"><span style=\"color: #000000; font-family: verdana, geneva; font-size: small;\">&#8211;<strong> Generar conclusiones para edici\u00f3n de un documento que represente los an\u00e1lisis realizados en el encuentro<\/strong>.<\/span><\/div>\n<div class=\"_2cuy _3dgx\"><span style=\"color: #000000; font-family: verdana, geneva; font-size: small;\">\u00a0<\/span><\/div>\n<div class=\"_2cuy _3dgx\"><span style=\"color: #000000; font-family: verdana, geneva; font-size: small;\">Las Mesas de Trabajo estar\u00e1n a cargo de facilitadores, quienes orientar\u00e1n la discusi\u00f3n del tema y facilitar\u00e1n la construcci\u00f3n de conocimientos del grupo, presentando un producto con las ideas consensuadas en plenario.<\/span><\/div>\n<div class=\"_2cuy _3dgx\"><span style=\"color: #000000; font-family: verdana, geneva; font-size: small;\">\u00a0<\/span><\/div>\n<div class=\"_2cuy _3dgx\"><span style=\"color: #000000; font-family: verdana, geneva; font-size: small;\"><strong>TEMAS:<\/strong><\/span><\/div>\n<div class=\"_2cuy _3dgx\"><span style=\"color: #000000; font-family: verdana, geneva; font-size: small;\">\u00a0<\/span><\/div>\n<div class=\"_2cuy _3dgx\"><span style=\"color: #000000; font-family: verdana, geneva; font-size: small;\">1) Diagn\u00f3stico, propuestas y proyecciones en la Educaci\u00f3n para j\u00f3venes y Adultos.<\/span><\/div>\n<div class=\"_2cuy _3dgx\"><span style=\"color: #000000; font-family: verdana, geneva; font-size: small;\">2) Redes pedag\u00f3gicas, y sus desaf\u00edos a futuro.<\/span><\/div>\n<div class=\"_2cuy _3dgx\"><span style=\"color: #000000; font-family: verdana, geneva; font-size: small;\">3) Educaci\u00f3n de J\u00f3venes y Adultos y construcci\u00f3n de ciudadan\u00eda: Lecturas desde la Educaci\u00f3n Popular.<\/span><\/div>\n<div class=\"_2cuy _3dgx\"><span style=\"color: #000000; font-family: verdana, geneva; font-size: small;\">4) Relaci\u00f3n Educaci\u00f3n y Trabajo en el contexto de la Educaci\u00f3n de J\u00f3venes y Adultos.<\/span><\/div>\n<div class=\"_2cuy _3dgx\"><span style=\"color: #000000; font-family: verdana, geneva; font-size: small;\">5) Educaci\u00f3n Permanente, familia y comunidad.<\/span><\/div>\n<div class=\"_2cuy _3dgx\"><span style=\"color: #000000; font-family: verdana, geneva; font-size: small;\">6) Educaci\u00f3n de J\u00f3venes y Adultos en Contextos de Encierro Cerrado, Semi Cerrado y medio Libre.<\/span><\/div>\n<div class=\"_2cuy _3dgx\"><span style=\"color: #000000; font-family: verdana, geneva; font-size: small;\">7) Diversidad, Interculturalidad y Ruralidad en Educaci\u00f3n para J\u00f3venes y Adultos.<\/span><\/div>\n<div class=\"_2cuy _3dgx\"><span style=\"color: #000000; font-family: verdana, geneva; font-size: small;\">8) Experiencias Innovadoras en Did\u00e1ctica de la Educaci\u00f3n de Adultos.<\/span><\/div>\n<div class=\"_2cuy _3dgx\"><span style=\"color: #000000; font-family: verdana, geneva; font-size: small;\">9) Exigencias Actuales para el Curriculum y la EPJA.<\/span><\/div>\n<div class=\"_2cuy _3dgx\"><span style=\"color: #000000; font-family: verdana, geneva; font-size: small;\">10) Alfabetizaci\u00f3n en el Siglo XXI.<\/span><\/div>\n<div class=\"_2cuy _3dgx\"><span style=\"color: #000000; font-family: verdana, geneva; font-size: small;\">\u00a0<\/span><\/div>\n<div class=\"_2cuy _3dgx\"><span style=\"color: #000000; font-family: verdana, geneva; font-size: small;\"><strong>Se contar\u00e1 con la destacada participaci\u00f3n de expertos internacionales<\/strong>:<\/span><\/div>\n<div class=\"_2cuy _3dgx\"><span style=\"color: #000000; font-family: verdana, geneva; font-size: small;\">\u00a0<\/span><\/div>\n<div class=\"_2cuy _3dgx\"><span style=\"color: #000000; font-family: verdana, geneva; font-size: small;\">&#8211; <strong>Mar\u00eda Clara Di Pierro<\/strong>, Universidad de Sao Paulo, Brasil<\/span><\/div>\n<div class=\"_2cuy _3dgx\"><span style=\"color: #000000; font-family: verdana, geneva; font-size: small;\">&#8211; <strong>Mar\u00eda del Socorro Tapia<\/strong>, Centro de Cooperaci\u00f3n Regional para Educaci\u00f3n de Adultos en Am\u00e9rica Latina y el Caribe, M\u00e9xico.<\/span><\/div>\n<div class=\"_2cuy _3dgx\"><span style=\"color: #000000; font-family: verdana, geneva; font-size: small;\">&#8211; <strong>Emilio Coral Garc\u00eda<\/strong>, Centro de Cooperaci\u00f3n Regional para la Educaci\u00f3n en Am\u00e9rica Latina y el Caribe, M\u00e9xico.<\/span><\/div>\n<div class=\"_2cuy _3dgx\"><span style=\"color: #000000; font-family: verdana, geneva; font-size: small;\">&#8211; <strong>Felipe Hevia de la Jara<\/strong>, Centro de Cooperaci\u00f3n Regional para la Educaci\u00f3n en Am\u00e9rica Latina y el Caribe, M\u00e9xico.<\/span><\/div>\n<div class=\"_2cuy _3dgx\"><span style=\"color: #000000; font-family: verdana, geneva; font-size: small;\">&#8211; <strong>Ernesto Padilla Nieto<\/strong>, Centro de Cooperaci\u00f3n Regional para la Educaci\u00f3n en Am\u00e9rica Latina y el Caribe, M\u00e9xico.<\/span><\/div>\n<div class=\"_2cuy _3dgx\"><span style=\"color: #000000; font-family: verdana, geneva; font-size: small;\">\u00a0<\/span><\/div>\n<div class=\"_2cuy _3dgx\"><span style=\"color: #000000; font-family: verdana, geneva; font-size: small;\"><strong>INSCRIPCI\u00d3N GENERAL<\/strong>:<\/span><\/div>\n<div class=\"_2cuy _3dgx\"><span style=\"color: #000000; font-family: verdana, geneva; font-size: small;\">\u00a0<\/span><\/div>\n<div class=\"_2cuy _3dgx\"><span style=\"color: #000000; font-family: verdana, geneva; font-size: small;\">La persona que desee participar puede integrarse a una de las diez Mesas Tem\u00e1ticas de su inter\u00e9s y que cuente con experiencia y conocimientos fundados sobre tema para contribuir a la generaci\u00f3n de nuevas propuestas.<\/span><\/div>\n<div class=\"_2cuy _3dgx\"><span style=\"color: #000000; font-family: verdana, geneva; font-size: small;\">\u00a0<\/span><\/div>\n<div class=\"_2cuy _3dgx\"><span style=\"color: #000000; font-family: verdana, geneva; font-size: small;\">El cupo m\u00e1ximo para cada Taller es de 15 personas.<\/span><\/div>\n<div class=\"_2cuy _3dgx\"><span style=\"color: #000000; font-family: verdana, geneva; font-size: small;\">En caso no poder inscribirse en tema de inter\u00e9s, puede optar por otro.\u00a0<\/span><\/div>\n<div class=\"_2cuy _3dgx\"><span style=\"color: #000000; font-family: verdana, geneva; font-size: small;\">\u00a0<\/span><\/div>\n<div class=\"_2cuy _3dgx\"><span style=\"color: #000000; font-family: verdana, geneva; font-size: small;\">La inscripci\u00f3n previa confirmaci\u00f3n se participaci\u00f3n se realizar\u00e1 v\u00eda online en las siguientes direcciones:<\/span><\/div>\n<div class=\"_2cuy _3dgx\"><span style=\"font-family: verdana, geneva; font-size: small;\">\u00a0<\/span><\/div>\n<div class=\"_2cuy _3dgx\"><span style=\"color: #000000; font-family: verdana, geneva; font-size: small;\"><a href=\"http:\/\/l.facebook.com\/l.php?u=http%3A%2F%2Fwww.educaciondeadultos.cl%2F&amp;h=WAQFJTrRl&amp;s=1\" target=\"_blank\" rel=\"nofollow\"><span style=\"color: #000000;\">http:\/\/<strong><span style=\"color: #0000ff;\">www.educaciondeadultos.cl<\/span><\/strong>\/<\/span><\/a><\/span><\/div>\n<div class=\"_2cuy _3dgx\"><span style=\"color: #000000; font-family: verdana, geneva; font-size: small;\"><a href=\"http:\/\/l.facebook.com\/l.php?u=http%3A%2F%2Fwww.upla.cl%2F&amp;h=oAQGL-ZD3&amp;s=1\" target=\"_blank\" rel=\"nofollow\"><span style=\"color: #000000;\">http:\/\/<span style=\"color: #0000ff;\"><strong>www.upla.c<\/strong>l\/<\/span><\/span><\/a><\/span><\/div>\n<div class=\"_2cuy _3dgx\"><span style=\"color: #000000; font-family: verdana, geneva; font-size: small;\"><a href=\"http:\/\/l.facebook.com\/l.php?u=http%3A%2F%2Fwww.upla.cl%2Fcienciaseducacion%2F&amp;h=LAQFY6KrD&amp;s=1\" target=\"_blank\" rel=\"nofollow\"><span style=\"color: #000000;\">http:\/\/<strong><span style=\"color: #0000ff;\">www.upla.cl\/cienciaseducacion<\/span><\/strong>\/<\/span><\/a><\/span><\/div>\n<div class=\"_2cuy _3dgx\"><span style=\"color: #000000; font-family: verdana, geneva; font-size: small;\">\u00a0<\/span><\/div>\n<div class=\"_2cuy _3dgx\"><span style=\"color: #000000; font-family: verdana, geneva; font-size: small;\">Se dispondr\u00e1 de un banner de inscripci\u00f3n en cada p\u00e1gina donde deber\u00e1 ingresar datos personales, seleccionando mesa de participaci\u00f3n.<\/span><\/div>\n<div class=\"_2cuy _3dgx\"><span style=\"color: #000000; font-family: verdana, geneva; font-size: small;\">\u00a0<\/span><\/div>\n<div class=\"_2cuy _3dgx\"><span style=\"color: #000000; font-family: verdana, geneva; font-size: small;\">&#8211; La inscripci\u00f3n se realizar\u00e1 hasta el d\u00eda 12 de noviembre.<\/span><\/div>\n<div class=\"_2cuy _3dgx\"><span style=\"color: #000000; font-family: verdana, geneva; font-size: small;\">&#8211; La inscripci\u00f3n es gratuita y los cupos son limitados.\u00a0<\/span><\/div>\n<div class=\"_2cuy _3dgx\"><span style=\"color: #000000; font-family: verdana, geneva; font-size: small;\">\u00a0<\/span><\/div>\n<div class=\"_2cuy _3dgx\"><span style=\"color: #000000;\">Para mayor informaci\u00f3n escribir al correo:<\/span><\/div>\n<div class=\"_2cuy _3dgx\"><span style=\"color: #000000;\"><strong>educaciondejovenesyadultos@upla.cl o al fono 32-2205225<\/strong><\/span><\/div>\n<div class=\"_2cuy _3dgx\"><span style=\"color: #000000;\">\u00a0<\/span><\/div>\n<div class=\"_2cuy _3dgx\"><span style=\"color: #000000;\"><strong>INSCRIPCI\u00d3N PARTICIPANTES DE JORNADA REGIONAL REDES PEDAG\u00d3GICAS.<\/strong><\/span><\/div>\n<div class=\"_2cuy _3dgx\"><span style=\"color: #000000;\">\u00a0<\/span><\/div>\n<div class=\"_2cuy _3dgx\"><span style=\"color: #000000;\">Para el caso de los Docentes y Directivos que participan de la Jornada Regional de redes pedag\u00f3gicas deben inscribirse v\u00eda online para validar su participaci\u00f3n y seleccionar la mesa de trabajo antes del 29 de octubre.<\/span><\/div>\n<div class=\"_2cuy _3dgx\">\n<hr \/>\n<\/div>\n<div class=\"_2cuy _3dgx\">\u00a0<span style=\"color: #000000;\"><img loading=\"lazy\" decoding=\"async\" class=\" size-full wp-image-228\" src=\"http:\/\/educaciondeadultos.cl\/web\/wp-content\/uploads\/2015\/10\/afichebanner.jpg\" border=\"0\" alt=\"\" width=\"52\" height=\"44\" \/><\/span><strong>\u00a0<img loading=\"lazy\" decoding=\"async\" class=\" size-full wp-image-229\" src=\"http:\/\/educaciondeadultos.cl\/web\/wp-content\/uploads\/2015\/10\/6.gif\" border=\"0\" alt=\"\" width=\"44\" height=\"44\" \/>Inscripciones cerradas.<\/strong><\/div>\n<div class=\"_2cuy _3dgx\">\n<hr \/>\n<\/div>\n<div class=\"_2cuy _3dgx\">\u00a0<span style=\"font-size: 12.16px; line-height: 1.3em;\">\u00a0<\/span><\/div>\n<div class=\"_2cuy _3dgx\"><span style=\"color: #000000;\">Comunicaciones Edja. 9 de octubre de 2015.<\/span><\/div>\n<div class=\"k2_video\">[iframe width=\u00bb560&#8243; height=\u00bb315&#8243; src=\u00bbhttps:\/\/www.youtube.com\/embed\/28wXs4ZNDwc\u00bb frameborder=\u00bb0&#8243; allowfullscreen ]<\/div>\n","protected":false},"excerpt":{"rendered":"<p>\u00a0 \u00a0 El Programa de Desarrollo Disciplinario de Educaci\u00f3n de J\u00f3venes y Adultos, el Mag\u00edster de Educaci\u00f3n de Adultos y Procesos Formativos de la Facultad de Ciencias de la Educaci\u00f3n de la Universidad de Playa Ancha, en conjunto con el Centro de Cooperaci\u00f3n Regional para la Educaci\u00f3n de Adultos en Am\u00e9rica Latina y el Caribe [&hellip;]<\/p>\n","protected":false},"author":1,"featured_media":225,"comment_status":"closed","ping_status":"closed","sticky":false,"template":"","format":"standard","meta":{"_et_pb_use_builder":"","_et_pb_old_content":"","_et_gb_content_width":"","_oasis_is_in_workflow":0,"_oasis_original":0,"footnotes":""},"categories":[45],"tags":[108],"class_list":["post-230","post","type-post","status-publish","format-standard","has-post-thumbnail","hentry","category-event","tag-tercer-seminario-educacion-de-jovenes-y-adultos-desde-una-perspectiva-inclusiva"],"_links":{"self":[{"href":"http:\/\/educaciondeadultos.cl\/web\/wp-json\/wp\/v2\/posts\/230","targetHints":{"allow":["GET"]}}],"collection":[{"href":"http:\/\/educaciondeadultos.cl\/web\/wp-json\/wp\/v2\/posts"}],"about":[{"href":"http:\/\/educaciondeadultos.cl\/web\/wp-json\/wp\/v2\/types\/post"}],"author":[{"embeddable":true,"href":"http:\/\/educaciondeadultos.cl\/web\/wp-json\/wp\/v2\/users\/1"}],"replies":[{"embeddable":true,"href":"http:\/\/educaciondeadultos.cl\/web\/wp-json\/wp\/v2\/comments?post=230"}],"version-history":[{"count":0,"href":"http:\/\/educaciondeadultos.cl\/web\/wp-json\/wp\/v2\/posts\/230\/revisions"}],"wp:featuredmedia":[{"embeddable":true,"href":"http:\/\/educaciondeadultos.cl\/web\/wp-json\/wp\/v2\/media\/225"}],"wp:attachment":[{"href":"http:\/\/educaciondeadultos.cl\/web\/wp-json\/wp\/v2\/media?parent=230"}],"wp:term":[{"taxonomy":"category","embeddable":true,"href":"http:\/\/educaciondeadultos.cl\/web\/wp-json\/wp\/v2\/categories?post=230"},{"taxonomy":"post_tag","embeddable":true,"href":"http:\/\/educaciondeadultos.cl\/web\/wp-json\/wp\/v2\/tags?post=230"}],"curies":[{"name":"wp","href":"https:\/\/api.w.org\/{rel}","templated":true}]}}