{"id":195,"date":"2015-08-21T21:05:21","date_gmt":"2015-08-22T00:05:21","guid":{"rendered":"http:\/\/educaciondeadultos.cl\/web\/2015\/08\/21\/docentes-de-chile-y-brasil-visitan-centro-universitario-argentino\/"},"modified":"2015-08-21T21:05:21","modified_gmt":"2015-08-22T00:05:21","slug":"docentes-de-chile-y-brasil-visitan-centro-universitario-argentino","status":"publish","type":"post","link":"http:\/\/educaciondeadultos.cl\/web\/2015\/08\/21\/docentes-de-chile-y-brasil-visitan-centro-universitario-argentino\/","title":{"rendered":"Contextos de encierro: Docentes de Chile y Brasil visitan centro universitario en Argentina"},"content":{"rendered":"<p><img loading=\"lazy\" decoding=\"async\" class=\" size-full wp-image-191\" src=\"http:\/\/educaciondeadultos.cl\/web\/wp-content\/uploads\/2015\/08\/19ace523c3fcf08ab0aa2a0aa1b550ec.jpg\" alt=\"\" width=\"1600\" height=\"1200\" srcset=\"http:\/\/educaciondeadultos.cl\/web\/wp-content\/uploads\/2015\/08\/19ace523c3fcf08ab0aa2a0aa1b550ec.jpg 1600w, http:\/\/educaciondeadultos.cl\/web\/wp-content\/uploads\/2015\/08\/19ace523c3fcf08ab0aa2a0aa1b550ec-300x225.jpg 300w, http:\/\/educaciondeadultos.cl\/web\/wp-content\/uploads\/2015\/08\/19ace523c3fcf08ab0aa2a0aa1b550ec-768x576.jpg 768w, http:\/\/educaciondeadultos.cl\/web\/wp-content\/uploads\/2015\/08\/19ace523c3fcf08ab0aa2a0aa1b550ec-1024x768.jpg 1024w\" sizes=\"auto, (max-width: 1600px) 100vw, 1600px\" \/><\/p>\n<p><span style=\"font-family: verdana, geneva; font-size: small; color: #000000;\"><img loading=\"lazy\" decoding=\"async\" class=\" alignleft size-full wp-image-192\" src=\"http:\/\/educaciondeadultos.cl\/web\/wp-content\/uploads\/2015\/08\/argentina2.JPG\" border=\"0\" alt=\"\" width=\"537\" height=\"403\" style=\"float: left;\" srcset=\"http:\/\/educaciondeadultos.cl\/web\/wp-content\/uploads\/2015\/08\/argentina2.JPG 1600w, http:\/\/educaciondeadultos.cl\/web\/wp-content\/uploads\/2015\/08\/argentina2-300x225.jpg 300w, http:\/\/educaciondeadultos.cl\/web\/wp-content\/uploads\/2015\/08\/argentina2-768x576.jpg 768w, http:\/\/educaciondeadultos.cl\/web\/wp-content\/uploads\/2015\/08\/argentina2-1024x768.jpg 1024w\" sizes=\"auto, (max-width: 537px) 100vw, 537px\" \/><\/span><\/p>\n<p style=\"text-align: justify;\"><strong><span style=\"font-family: verdana, geneva; font-size: small;\">Un grupo de profesores universitarios de la Universidad de Playa Ancha, sede en Valpara\u00edso, junto a colegas del Grupo de Estudio Sobre Educaci\u00f3n en C\u00e1rceles (GESEC &#8211; Centro), recorrieron las aulas universitarias de la Unidad Penitenciaria N\u00ba 38 de Sierra Chica (Olavarr\u00eda), intercambiaron experiencias con los estudiantes universitarios \u00a0y con los docentes de la Facultad de Ciencias Sociales (FACSO), que desempe\u00f1an en el Programa Educaci\u00f3n en Contextos de Encierro.<\/span><\/strong><\/p>\n<p style=\"text-align: justify;\"><span style=\"font-family: verdana, geneva; font-size: small; color: #000000;\">La actividad que se realiza en el marco del convenio entre el Programa Universidad en la C\u00e1rcel y Gesec, posibilit\u00f3 a los profesores visitantes contrastar las experiencias con la de sus respectivos pa\u00edses, en las que la educaci\u00f3n tiene desarrollos m\u00e1s acotados.<\/span><\/p>\n<p style=\"text-align: justify;\"><span style=\"font-family: verdana, geneva; font-size: small; color: #000000;\">A lo largo de la tarde, los estudiantes fueron presentando a los visitantes las aristas y alcances de su trabajo universitario en contexto de privaci\u00f3n de libertad: las posibilidades de estudiar, los modos en que se lleva adelante esta modalidad, las propuestas de extensi\u00f3n, las cursadas, los ex\u00e1menes, los obst\u00e1culos.<\/span><\/p>\n<p style=\"text-align: justify;\"><span style=\"font-family: verdana, geneva; font-size: small; color: #000000;\">En el intercambio se tomaron adem\u00e1s otros aspectos que hacen a la vida en la prisi\u00f3n y el despu\u00e9s, como es el tema del trabajo. El planteamiento m\u00e1s relevante se advierte vinculado a la b\u00fasqueda de capacitaci\u00f3n tanto como a la necesidad de crear redes para la incorporaci\u00f3n al mundo del trabajo.\u00a0Para quienes llegan al Centro Universitario es una gran sorpresa advertir el buen clima, el espacio dispuesto como lugar de estudio, la organizaci\u00f3n y autonom\u00eda de los estudiantes.<\/span><\/p>\n<p><span style=\"font-family: verdana, geneva; font-size: small; color: #000000;\"><img loading=\"lazy\" decoding=\"async\" class=\" alignright size-full wp-image-193\" src=\"http:\/\/educaciondeadultos.cl\/web\/wp-content\/uploads\/2015\/08\/argentina.JPG\" border=\"0\" alt=\"\" width=\"545\" height=\"408\" style=\"float: right;\" srcset=\"http:\/\/educaciondeadultos.cl\/web\/wp-content\/uploads\/2015\/08\/argentina.JPG 1600w, http:\/\/educaciondeadultos.cl\/web\/wp-content\/uploads\/2015\/08\/argentina-300x225.jpg 300w, http:\/\/educaciondeadultos.cl\/web\/wp-content\/uploads\/2015\/08\/argentina-768x576.jpg 768w, http:\/\/educaciondeadultos.cl\/web\/wp-content\/uploads\/2015\/08\/argentina-1024x768.jpg 1024w\" sizes=\"auto, (max-width: 545px) 100vw, 545px\" \/>La doctora Violeta Rosa Acu\u00f1a Collado, Directora del Programa de Desarrollo de Investigaci\u00f3n Disciplinario de Educaci\u00f3n de Adultos de la Facultad de Ciencias de la Educaci\u00f3n de la Universidad de Playa Ancha, se\u00f1al\u00f3 que \u00abesta visita tuvo como prop\u00f3sito conocer la realidad universitaria en c\u00e1rceles argentinas, y as\u00ed nutrir las acciones favorables al desarrollo de la educaci\u00f3n universitaria en la privaci\u00f3n de la libertad en nuestro pa\u00eds\u00bb.\u00a0<\/span><\/p>\n<p style=\"text-align: left;\"><span style=\"font-family: verdana, geneva; font-size: small; color: #000000;\">Por su parte, Roberto Catelli, quien es de Brasil y se desempe\u00f1a como Coordinador de Educaci\u00f3n de Adultos de la ONG Acci\u00f3n Educativa, sede Valpara\u00edso, formando parte tambi\u00e9n de la comitiva, agreg\u00f3 que \u201cla experiencia de la Facultad de Ciencias Sociales en el trabajo acad\u00e9mico con detenidos de las unidades carcelarias constituye un antecedente obligado para pensar en esta modalidad educativa\u201d.<\/span><\/p>\n<p style=\"text-align: left;\"><strong><span style=\"font-size: small; line-height: 1.3em; font-family: verdana, geneva; color: #000000;\">Trayectoria institucional<\/span><\/strong><\/p>\n<p style=\"text-align: left;\"><span style=\"font-size: small; line-height: 1.3em; font-family: verdana, geneva; color: #000000;\">La FACSO inici\u00f3 sus actividades en c\u00e1rceles durante los a\u00f1os 1993\/1996, asistiendo a la Unidad Penal 2 y posteriormente recibe estudiantes que cursaban carreras en la sede de la facultad.<\/span><\/p>\n<p style=\"text-align: justify;\"><span style=\"font-family: verdana, geneva; font-size: small; color: #000000;\">En el a\u00f1o 2008, a partir de un trabajo de la c\u00e1tedra \u201cIntroducci\u00f3n a las Problem\u00e1ticas Educativas\u201d, a cargo de las profesoras Analia Umpierrez y Rosana Sosa se retoma el contacto formal entre el servicio Penitenciario, las instituciones educativas que funcionan en la Unidad Penal 38 y la Facultad de Ciencias Sociales. Ese mismo a\u00f1o se dict\u00f3 el seminario \u201cIntroducci\u00f3n a las Problem\u00e1ticas Educativas\u201d, destinado a estudiantes universitarios de la Facultad de Derecho- UNICEN- e integrantes del Centro Universitario Manuel Belgrano (CUMB).<\/span><\/p>\n<p><span style=\"font-family: verdana, geneva; font-size: small; color: #000000;\"><img loading=\"lazy\" decoding=\"async\" class=\" alignleft size-full wp-image-194\" src=\"http:\/\/educaciondeadultos.cl\/web\/wp-content\/uploads\/2015\/08\/argentina3.JPG\" border=\"0\" alt=\"\" width=\"484\" height=\"364\" style=\"float: left;\" srcset=\"http:\/\/educaciondeadultos.cl\/web\/wp-content\/uploads\/2015\/08\/argentina3.JPG 1600w, http:\/\/educaciondeadultos.cl\/web\/wp-content\/uploads\/2015\/08\/argentina3-300x225.jpg 300w, http:\/\/educaciondeadultos.cl\/web\/wp-content\/uploads\/2015\/08\/argentina3-768x576.jpg 768w, http:\/\/educaciondeadultos.cl\/web\/wp-content\/uploads\/2015\/08\/argentina3-1024x768.jpg 1024w\" sizes=\"auto, (max-width: 484px) 100vw, 484px\" \/>Finalmente, para fines del a\u00f1o, mediante la firma de un convenio marco entre el rector de la UNICEN, el decano de la Facultad de Ciencias Sociales y el director del Servicio Penitenciario Bonaerense, se asumi\u00f3 el compromiso de facilitar y promover el v\u00ednculo entre las dos dependencias. De este modo, a partir del ciclo lectivo 2009, se comienzan a inscribir aspirantes a las carreras que se dictan en la Facultad de Ciencias Sociales.<\/span><\/p>\n<p><span style=\"font-family: verdana, geneva; font-size: small; color: #000000;\">Desde 2012, la vinculaci\u00f3n de la universidad con la poblaci\u00f3n carcelaria se fortaleci\u00f3 al ponerse en marcha el Programa Universidad en la C\u00e1rcel dependiente de la Secretar\u00eda de Extensi\u00f3n, cuyo prop\u00f3sito se centra en la promoci\u00f3n de la cultura a trav\u00e9s de una oferta educativa no formal, a trav\u00e9s de la oferta de talleres y la conformaci\u00f3n de un Centro Cultural Itinerante con propuestas espec\u00edficas, entendiendo la cultura como \u00e1mbito de formaci\u00f3n.<\/span><\/p>\n<p>\u00a0<\/p>\n<p>Fuente: Edici\u00f3n y adaptaci\u00f3n textos y fotograf\u00edas publicadas en la p\u00e1gina web de la Universidad Nacional del Centro de la Provincia de Buenos Aires.<\/p>\n<p><span style=\"font-size: 12.1599998474121px; line-height: 1.3em;\"><strong>Comunicaciones Programa\u00a0Desarrollo Disciplinario en Educaci\u00f3n de J\u00f3venes y Adultos de la Universidad de Playa Ancha<\/strong>.\u00a021 de agosto de agosto 2015.<\/span><\/p>\n","protected":false},"excerpt":{"rendered":"<p>Un grupo de profesores universitarios de la Universidad de Playa Ancha, sede en Valpara\u00edso, junto a colegas del Grupo de Estudio Sobre Educaci\u00f3n en C\u00e1rceles (GESEC &#8211; Centro), recorrieron las aulas universitarias de la Unidad Penitenciaria N\u00ba 38 de Sierra Chica (Olavarr\u00eda), intercambiaron experiencias con los estudiantes universitarios \u00a0y con los docentes de la Facultad [&hellip;]<\/p>\n","protected":false},"author":1,"featured_media":191,"comment_status":"closed","ping_status":"closed","sticky":false,"template":"","format":"standard","meta":{"_et_pb_use_builder":"","_et_pb_old_content":"","_et_gb_content_width":"","_oasis_is_in_workflow":0,"_oasis_original":0,"footnotes":""},"categories":[45],"tags":[],"class_list":["post-195","post","type-post","status-publish","format-standard","has-post-thumbnail","hentry","category-event"],"_links":{"self":[{"href":"http:\/\/educaciondeadultos.cl\/web\/wp-json\/wp\/v2\/posts\/195","targetHints":{"allow":["GET"]}}],"collection":[{"href":"http:\/\/educaciondeadultos.cl\/web\/wp-json\/wp\/v2\/posts"}],"about":[{"href":"http:\/\/educaciondeadultos.cl\/web\/wp-json\/wp\/v2\/types\/post"}],"author":[{"embeddable":true,"href":"http:\/\/educaciondeadultos.cl\/web\/wp-json\/wp\/v2\/users\/1"}],"replies":[{"embeddable":true,"href":"http:\/\/educaciondeadultos.cl\/web\/wp-json\/wp\/v2\/comments?post=195"}],"version-history":[{"count":0,"href":"http:\/\/educaciondeadultos.cl\/web\/wp-json\/wp\/v2\/posts\/195\/revisions"}],"wp:featuredmedia":[{"embeddable":true,"href":"http:\/\/educaciondeadultos.cl\/web\/wp-json\/wp\/v2\/media\/191"}],"wp:attachment":[{"href":"http:\/\/educaciondeadultos.cl\/web\/wp-json\/wp\/v2\/media?parent=195"}],"wp:term":[{"taxonomy":"category","embeddable":true,"href":"http:\/\/educaciondeadultos.cl\/web\/wp-json\/wp\/v2\/categories?post=195"},{"taxonomy":"post_tag","embeddable":true,"href":"http:\/\/educaciondeadultos.cl\/web\/wp-json\/wp\/v2\/tags?post=195"}],"curies":[{"name":"wp","href":"https:\/\/api.w.org\/{rel}","templated":true}]}}