{"id":183,"date":"2015-06-10T00:11:34","date_gmt":"2015-06-10T03:11:34","guid":{"rendered":"http:\/\/educaciondeadultos.cl\/web\/2015\/06\/10\/upla-presente-en-la-ix-asamblea-mundial-del-icae-canada-2\/"},"modified":"2015-06-10T00:11:34","modified_gmt":"2015-06-10T03:11:34","slug":"upla-presente-en-la-ix-asamblea-mundial-del-icae-canada-2","status":"publish","type":"post","link":"http:\/\/educaciondeadultos.cl\/web\/2015\/06\/10\/upla-presente-en-la-ix-asamblea-mundial-del-icae-canada-2\/","title":{"rendered":"UPLA presente en la IX Asamblea Mundial del ICAE &#8211; Canad\u00e1"},"content":{"rendered":"<p><img loading=\"lazy\" decoding=\"async\" class=\" size-full wp-image-179\" src=\"http:\/\/educaciondeadultos.cl\/web\/wp-content\/uploads\/2015\/06\/f50e2b492317c6f75474015f1cb554f0.jpg\" alt=\"\" width=\"521\" height=\"554\" srcset=\"http:\/\/educaciondeadultos.cl\/web\/wp-content\/uploads\/2015\/06\/f50e2b492317c6f75474015f1cb554f0.jpg 521w, http:\/\/educaciondeadultos.cl\/web\/wp-content\/uploads\/2015\/06\/f50e2b492317c6f75474015f1cb554f0-282x300.jpg 282w\" sizes=\"auto, (max-width: 521px) 100vw, 521px\" \/><\/p>\n<p><span style=\"font-size: small; line-height: 1.3em; font-family: verdana, geneva;\"><img loading=\"lazy\" decoding=\"async\" class=\" alignright size-full wp-image-180\" src=\"http:\/\/educaciondeadultos.cl\/web\/wp-content\/uploads\/2015\/06\/asamblea.jpg\" border=\"0\" alt=\"\" width=\"439\" height=\"468\" style=\"float: right;\" srcset=\"http:\/\/educaciondeadultos.cl\/web\/wp-content\/uploads\/2015\/06\/asamblea.jpg 521w, http:\/\/educaciondeadultos.cl\/web\/wp-content\/uploads\/2015\/06\/asamblea-282x300.jpg 282w\" sizes=\"auto, (max-width: 439px) 100vw, 439px\" \/>A Montreal viaj\u00f3 la directora del Programa de Desarrollo Disciplinario en Educaci\u00f3n de J\u00f3venes y Adultos, <span style=\"color: #000000;\"><strong>Violeta Acu\u00f1a<\/strong><\/span>, qui\u00e9n participar\u00e1 en la <strong>IX Asamblea Mundial<\/strong>\u00a0<strong>Compromisos Globales Pr\u00e1cticas Locales &#8211; Educaci\u00f3n de Personas J\u00f3venes y Adultas para construir el mundo que queremos<\/strong>, que re\u00fane a \u00a0los miembros del <strong>Consejo internacional para la Educaci\u00f3n de Personas Adultas (ICAE)<\/strong>, que tendr\u00e1 lugar, desde el 11 al 13 de junio, del a\u00f1o en curso, en el campus de la Universidad de Montreal, Jean-Brillant de Canad\u00e1, cuyos espacios de discusi\u00f3n, talleres, conferencias y reuniones plenarias ser\u00e1n transmitidas en vivo, a trav\u00e9s de la p\u00e1gina webTV institucional de dicho evento.<\/span><\/p>\n<p><span style=\"font-family: verdana, geneva; font-size: small;\">En esta oportunidad, proponi\u00e9ndose brindar un espacio colectivo para reafirmar el derecho a la educaci\u00f3n y el aprendizaje, a lo largo de toda la vida, y el rol fundamental que juega la educaci\u00f3n en los esfuerzos para construir un mundo m\u00e1s democr\u00e1tico, inclusivo, justo y ecol\u00f3gicamente sostenible; la IX Asamblea Mundial es<\/span><span style=\"font-family: verdana, geneva; font-size: small; line-height: 1.3em;\">tar\u00e1 dedicada\u00a0 a conectar al movimiento internacional para la educaci\u00f3n de personas j\u00f3venes y adultas con las preocupaciones de los movimientos sociales y organizaciones de Quebec y Canad\u00e1. <\/span><\/p>\n<p><span style=\"font-family: verdana, geneva; font-size: small; line-height: 1.3em;\">Tambi\u00e9n pondr\u00e1 de relieve la cooperaci\u00f3n entre el movimiento de mujeres y el de educaci\u00f3n de personas j\u00f3venes y adultas, en el contexto de la lucha contra la exclusi\u00f3n, la agenda de la Educaci\u00f3n Post-2015 y su implementaci\u00f3n, as\u00ed como los retos del cambio clim\u00e1tico.<\/span><\/p>\n<p><span style=\"font-family: verdana, geneva; font-size: small;\">El \u00faltimo d\u00eda de la Asamblea Mundial &#8211; el s\u00e1bado 13 de junio &#8211; se realizar\u00e1 una plenaria titulada <strong>Voces en Di\u00e1logo<\/strong>, la cual tiene como fin dar curso a un di\u00e1logo inter-generacional sobre temas internacionales que afectan al desarrollo del derecho a la educaci\u00f3n y el aprendizaje a lo largo de la vida.<\/span><\/p>\n<p><span style=\"font-family: verdana, geneva; font-size: small;\">Alrededor de 500 delegados y delegadas, un tercio de los\/as cuales provienen de diferentes partes del mundo, participar\u00e1n en 60 talleres autogestionados por los y las participantes.<\/span><\/p>\n<p><span style=\"font-family: verdana, geneva; font-size: small;\"><img loading=\"lazy\" decoding=\"async\" class=\" size-full wp-image-181\" src=\"http:\/\/educaciondeadultos.cl\/web\/wp-content\/uploads\/2015\/06\/asamblea2.jpg\" border=\"0\" alt=\"\" width=\"1263\" height=\"342\" style=\"width: 303px; height: 74px;\" srcset=\"http:\/\/educaciondeadultos.cl\/web\/wp-content\/uploads\/2015\/06\/asamblea2.jpg 1263w, http:\/\/educaciondeadultos.cl\/web\/wp-content\/uploads\/2015\/06\/asamblea2-300x81.jpg 300w, http:\/\/educaciondeadultos.cl\/web\/wp-content\/uploads\/2015\/06\/asamblea2-768x207.jpg 768w, http:\/\/educaciondeadultos.cl\/web\/wp-content\/uploads\/2015\/06\/asamblea2-1024x276.jpg 1024w\" sizes=\"auto, (max-width: 1263px) 100vw, 1263px\" \/><\/span><\/p>\n<p><strong><span style=\"font-family: verdana, geneva; font-size: small;\">Temas principales a abordar: <\/span><\/strong><\/p>\n<p><strong><span style=\"font-family: verdana, geneva; font-size: small; color: #888888;\">.- \u00a0Derecho a la Educaci\u00f3n y al Aprendizaje a lo largo de toda la vida, m\u00e1s all\u00e1 del 2015.<\/span><\/strong><\/p>\n<p><strong><span style=\"font-family: verdana, geneva; font-size: small; color: #888888;\">.- \u00a0Formaci\u00f3n para la Incidencia.<\/span><\/strong><\/p>\n<p><strong><span style=\"font-family: verdana, geneva; font-size: small; color: #888888;\">.- Rol de la Educaci\u00f3n de personas j\u00f3venes y adultas para el desarrollo sostenible.<\/span><\/strong><\/p>\n<p><strong><span style=\"font-family: verdana, geneva; font-size: small; color: #888888;\">.- Educaci\u00f3n de las personas j\u00f3venes y adultas, relaciones de poder, trabajo decente, equidad de g\u00e9nero y participaci\u00f3n ciudadana.<\/span><\/strong><\/p>\n<p><strong><span style=\"font-family: verdana, geneva; font-size: small; color: #888888;\">.- Educaci\u00f3n de calidad e inclusiva para todos y todas.<\/span><\/strong><\/p>\n<p><span style=\"font-family: verdana, geneva; font-size: small; line-height: 1.3em;\">Las actividades plenarias se traducir\u00e1n en tres idiomas: ingl\u00e9s, espa\u00f1ol y franc\u00e9s y algunos talleres y actividades dispondr\u00e1n de servicio de traducci\u00f3n simult\u00e1nea y la mayor\u00eda contar\u00e1n con traducci\u00f3n en voz baja al ingl\u00e9s.<\/span><\/p>\n<p><span style=\"font-family: verdana, geneva; font-size: small;\"><span style=\"line-height: 1.3em;\">Para informaciones de la programaci\u00f3n, transmisi\u00f3n en vivo\u00a0y actividades relacionadas: <\/span><a href=\"http:\/\/www.waam2015.org\/es\"><span style=\"font-size: 12.1599998474121px; line-height: 1.3em;\">Ver aqu\u00ed:<\/span><\/a>\u00a0<a href=\"http:\/\/www.waam2015.org\/es\">http:\/\/www.waam2015.org\/es<\/a><\/span><\/p>\n<p><span style=\"font-family: verdana, geneva; font-size: small;\"><span style=\"font-size: 12.1599998474121px; line-height: 1.3em;\">\u00a0<\/span><\/span><\/p>\n<p><a href=\"http:\/\/webtv.coop\/group\/ICEA-Instituto-de-Cooperacion-para-la-Educacion-de-Personas-Adultas\/2702616269bdb7c46f4bd0b405a7e499\"><span style=\"font-size: 12.1599998474121px; line-height: 1.3em; margin-left: auto; margin-right: auto;\"><img loading=\"lazy\" decoding=\"async\" class=\" size-full wp-image-182\" src=\"http:\/\/educaciondeadultos.cl\/web\/wp-content\/uploads\/2015\/06\/webtvsp.jpg\" border=\"0\" alt=\"\" width=\"394\" height=\"341\" style=\"display: block; margin-left: auto; margin-right: auto;\" srcset=\"http:\/\/educaciondeadultos.cl\/web\/wp-content\/uploads\/2015\/06\/webtvsp.jpg 500w, http:\/\/educaciondeadultos.cl\/web\/wp-content\/uploads\/2015\/06\/webtvsp-300x260.jpg 300w\" sizes=\"auto, (max-width: 394px) 100vw, 394px\" \/><\/span><\/a><\/p>\n<p>\u00a0<\/p>\n<p><span style=\"font-size: 12.1599998474121px; line-height: 1.3em;\">Comunicaciones Edja. 9 de junio de 2015\u00a0<\/span><\/p>\n","protected":false},"excerpt":{"rendered":"<p>A Montreal viaj\u00f3 la directora del Programa de Desarrollo Disciplinario en Educaci\u00f3n de J\u00f3venes y Adultos, Violeta Acu\u00f1a, qui\u00e9n participar\u00e1 en la IX Asamblea Mundial\u00a0Compromisos Globales Pr\u00e1cticas Locales &#8211; Educaci\u00f3n de Personas J\u00f3venes y Adultas para construir el mundo que queremos, que re\u00fane a \u00a0los miembros del Consejo internacional para la Educaci\u00f3n de Personas Adultas [&hellip;]<\/p>\n","protected":false},"author":1,"featured_media":179,"comment_status":"closed","ping_status":"closed","sticky":false,"template":"","format":"standard","meta":{"_et_pb_use_builder":"","_et_pb_old_content":"","_et_gb_content_width":"","_oasis_is_in_workflow":0,"_oasis_original":0,"footnotes":""},"categories":[45],"tags":[],"class_list":["post-183","post","type-post","status-publish","format-standard","has-post-thumbnail","hentry","category-event"],"_links":{"self":[{"href":"http:\/\/educaciondeadultos.cl\/web\/wp-json\/wp\/v2\/posts\/183","targetHints":{"allow":["GET"]}}],"collection":[{"href":"http:\/\/educaciondeadultos.cl\/web\/wp-json\/wp\/v2\/posts"}],"about":[{"href":"http:\/\/educaciondeadultos.cl\/web\/wp-json\/wp\/v2\/types\/post"}],"author":[{"embeddable":true,"href":"http:\/\/educaciondeadultos.cl\/web\/wp-json\/wp\/v2\/users\/1"}],"replies":[{"embeddable":true,"href":"http:\/\/educaciondeadultos.cl\/web\/wp-json\/wp\/v2\/comments?post=183"}],"version-history":[{"count":0,"href":"http:\/\/educaciondeadultos.cl\/web\/wp-json\/wp\/v2\/posts\/183\/revisions"}],"wp:featuredmedia":[{"embeddable":true,"href":"http:\/\/educaciondeadultos.cl\/web\/wp-json\/wp\/v2\/media\/179"}],"wp:attachment":[{"href":"http:\/\/educaciondeadultos.cl\/web\/wp-json\/wp\/v2\/media?parent=183"}],"wp:term":[{"taxonomy":"category","embeddable":true,"href":"http:\/\/educaciondeadultos.cl\/web\/wp-json\/wp\/v2\/categories?post=183"},{"taxonomy":"post_tag","embeddable":true,"href":"http:\/\/educaciondeadultos.cl\/web\/wp-json\/wp\/v2\/tags?post=183"}],"curies":[{"name":"wp","href":"https:\/\/api.w.org\/{rel}","templated":true}]}}