{"id":176,"date":"2015-05-29T11:39:29","date_gmt":"2015-05-29T14:39:29","guid":{"rendered":"http:\/\/educaciondeadultos.cl\/web\/2015\/05\/29\/siguen-abiertas-inscripciones-para-completar-ensenanza-basica-y-media\/"},"modified":"2015-05-29T11:39:29","modified_gmt":"2015-05-29T14:39:29","slug":"siguen-abiertas-inscripciones-para-completar-ensenanza-basica-y-media","status":"publish","type":"post","link":"http:\/\/educaciondeadultos.cl\/web\/2015\/05\/29\/siguen-abiertas-inscripciones-para-completar-ensenanza-basica-y-media\/","title":{"rendered":"Siguen abiertas inscripciones para completar ense\u00f1anza B\u00e1sica y Media"},"content":{"rendered":"<p><img loading=\"lazy\" decoding=\"async\" class=\" size-full wp-image-175\" src=\"http:\/\/educaciondeadultos.cl\/web\/wp-content\/uploads\/2015\/05\/5cb7d9c008502deb8141091027f5f238.jpg\" alt=\"\" width=\"593\" height=\"354\" srcset=\"http:\/\/educaciondeadultos.cl\/web\/wp-content\/uploads\/2015\/05\/5cb7d9c008502deb8141091027f5f238.jpg 593w, http:\/\/educaciondeadultos.cl\/web\/wp-content\/uploads\/2015\/05\/5cb7d9c008502deb8141091027f5f238-300x179.jpg 300w\" sizes=\"auto, (max-width: 593px) 100vw, 593px\" \/><\/p>\n<p><span style=\"font-family: verdana, geneva; font-size: small;\"><img loading=\"lazy\" decoding=\"async\" class=\" alignright size-full wp-image-157\" src=\"http:\/\/educaciondeadultos.cl\/web\/wp-content\/uploads\/2015\/04\/flexible.jpg\" border=\"0\" alt=\"\" width=\"439\" height=\"239\" style=\"float: right;\" \/>Hasta la segunda semana de Junio del a\u00f1o en curso continuar\u00e1n abiertas las inscripciones \u00a0para quienes est\u00e1n interesados en los cursos que permitan completar sus estudios de <strong>Ense\u00f1anza B\u00e1sica<\/strong> y <strong>Media<\/strong>, en el marco del Servicio de\u00a0<strong>Modalidad Flexible<\/strong>, correspondiente al a\u00f1o 2015, que imparte el Programa Disciplinario de Educaci\u00f3n de J\u00f3venes y Adultos,<strong> Edja<\/strong>, bajo la coordinaci\u00f3n de la acad\u00e9mica\u00a0<strong>Vivian Astudillo C\u00e1rcamo<\/strong>.<\/span><\/p>\n<p><span style=\"font-family: verdana, geneva; font-size: small;\">Los cursos &#8211; dirigidos a personas mayores de 18 a\u00f1os que no han concluido su formaci\u00f3n b\u00e1sica o media &#8211; se<\/span><span style=\"font-family: verdana, geneva; font-size: small;\">\u00a0realizar\u00e1n en la Casa Central de nuestra universidad en horario de 19.00 a 22.00 horas,\u00a0disponiendo de buses de acercamiento hasta la plaza Victoria al t\u00e9rmino de cada jornada.<\/span><\/p>\n<p><span style=\"font-family: verdana, geneva; font-size: small;\">Las clases correspondientes a la modalidad de Ense\u00f1anza B\u00e1sica se realizaran dos d\u00edas a la semana y los de Ense\u00f1anza Media tres d\u00edas a la semana.<\/span><\/p>\n<p><span style=\"font-family: verdana, geneva; font-size: small;\"><span style=\"line-height: 1.3em;\">Inscripciones y mayores informaciones acerca de las caracter\u00edsticas de este programa se pueden realizar en \u00a0fono\u00a0<\/span><a href=\"tel:32-2500225\" target=\"_blank\" style=\"font-size: 12.1599998474121px; line-height: 1.3em;\">32-2500225<\/a><span style=\"line-height: 1.3em;\">, o bien escribir al correo electr\u00f3nico\u00a0<\/span><a href=\"mailto:upla.adultos@gmail.com\" target=\"_blank\" style=\"font-size: 12.1599998474121px; line-height: 1.3em;\">upla.adultos@gmail.com<\/a><\/span><\/p>\n<p><span style=\"font-family: verdana, geneva; font-size: small;\">29 de mayo de 2015.<\/span><\/p>\n","protected":false},"excerpt":{"rendered":"<p>Hasta la segunda semana de Junio del a\u00f1o en curso continuar\u00e1n abiertas las inscripciones \u00a0para quienes est\u00e1n interesados en los cursos que permitan completar sus estudios de Ense\u00f1anza B\u00e1sica y Media, en el marco del Servicio de\u00a0Modalidad Flexible, correspondiente al a\u00f1o 2015, que imparte el Programa Disciplinario de Educaci\u00f3n de J\u00f3venes y Adultos, Edja, bajo [&hellip;]<\/p>\n","protected":false},"author":1,"featured_media":175,"comment_status":"closed","ping_status":"closed","sticky":false,"template":"","format":"standard","meta":{"_et_pb_use_builder":"","_et_pb_old_content":"","_et_gb_content_width":"","_oasis_is_in_workflow":0,"_oasis_original":0,"footnotes":""},"categories":[45],"tags":[],"class_list":["post-176","post","type-post","status-publish","format-standard","has-post-thumbnail","hentry","category-event"],"_links":{"self":[{"href":"http:\/\/educaciondeadultos.cl\/web\/wp-json\/wp\/v2\/posts\/176","targetHints":{"allow":["GET"]}}],"collection":[{"href":"http:\/\/educaciondeadultos.cl\/web\/wp-json\/wp\/v2\/posts"}],"about":[{"href":"http:\/\/educaciondeadultos.cl\/web\/wp-json\/wp\/v2\/types\/post"}],"author":[{"embeddable":true,"href":"http:\/\/educaciondeadultos.cl\/web\/wp-json\/wp\/v2\/users\/1"}],"replies":[{"embeddable":true,"href":"http:\/\/educaciondeadultos.cl\/web\/wp-json\/wp\/v2\/comments?post=176"}],"version-history":[{"count":0,"href":"http:\/\/educaciondeadultos.cl\/web\/wp-json\/wp\/v2\/posts\/176\/revisions"}],"wp:featuredmedia":[{"embeddable":true,"href":"http:\/\/educaciondeadultos.cl\/web\/wp-json\/wp\/v2\/media\/175"}],"wp:attachment":[{"href":"http:\/\/educaciondeadultos.cl\/web\/wp-json\/wp\/v2\/media?parent=176"}],"wp:term":[{"taxonomy":"category","embeddable":true,"href":"http:\/\/educaciondeadultos.cl\/web\/wp-json\/wp\/v2\/categories?post=176"},{"taxonomy":"post_tag","embeddable":true,"href":"http:\/\/educaciondeadultos.cl\/web\/wp-json\/wp\/v2\/tags?post=176"}],"curies":[{"name":"wp","href":"https:\/\/api.w.org\/{rel}","templated":true}]}}