{"id":174,"date":"2015-05-28T02:21:41","date_gmt":"2015-05-28T05:21:41","guid":{"rendered":"http:\/\/educaciondeadultos.cl\/web\/2015\/05\/28\/diplomado-a-docentes-que-trabajan-en-carceles\/"},"modified":"2015-05-28T02:21:41","modified_gmt":"2015-05-28T05:21:41","slug":"diplomado-a-docentes-que-trabajan-en-carceles","status":"publish","type":"post","link":"http:\/\/educaciondeadultos.cl\/web\/2015\/05\/28\/diplomado-a-docentes-que-trabajan-en-carceles\/","title":{"rendered":"Diplomado a docentes que trabajan en c\u00e1rceles"},"content":{"rendered":"<p><img loading=\"lazy\" decoding=\"async\" class=\" size-full wp-image-171\" src=\"http:\/\/educaciondeadultos.cl\/web\/wp-content\/uploads\/2015\/05\/70f7f16131bcee9413b03bd0296217c6.jpg\" alt=\"\" width=\"300\" height=\"181\" \/><\/p>\n<p><span style=\"font-family: verdana, geneva; font-size: small;\"><img loading=\"lazy\" decoding=\"async\" class=\" alignright size-full wp-image-172\" src=\"http:\/\/educaciondeadultos.cl\/web\/wp-content\/uploads\/2015\/05\/diplomado-2-277x300.jpg\" border=\"0\" alt=\"\" width=\"382\" height=\"414\" style=\"float: right;\" \/>Ofrecer oportunidades a los docentes y profesionales de diferentes disciplinas que se desempe\u00f1an con personas privadas de libertad, es el objetivo del diplomado \u201cEn educaci\u00f3n de adultos en contextos de encierro\u201d, que imparte la Facultad de Ciencias de la Educaci\u00f3n de la\u00a0<strong>Universidad de Playa Ancha.<\/strong><\/span><\/p>\n<p><span style=\"font-family: verdana, geneva; font-size: small;\">La\u00a0<strong>Dra. Violeta Acu\u00f1a<\/strong>,\u00a0 directora del programa, precis\u00f3 que \u00e9ste se realiza en Colina y\u00a0 cuenta\u00a0 con el financiamiento del Proyecto de Integraci\u00f3n que desarrolla la Corporaci\u00f3n Municipal de dicha comuna.<\/span><\/p>\n<p><span style=\"font-family: verdana, geneva; font-size: small;\">Cursan el programa 25 docentes del liceo de adultos \u201cHumberto D\u00edaz Casanueva\u201d y 15 del liceo de adultos \u201cRebeca Olivares Ben\u00edtez\u201d, ambos establecimientos educacionales funcionan dentro del recinto penitenciario Colina 2\u00a0 y Colina 1, respectivamente.<\/span><\/p>\n<p><span style=\"font-family: verdana, geneva; font-size: small;\">\u201cAsumimos un gran desaf\u00edo para la universidad, porque primera vez que nuestro programa de Educaci\u00f3n de Adultos imparte un diplomado dirigido a un p\u00fablico\u00a0 espec\u00edfico, que corresponde a profesores de educaci\u00f3n de adultos, que trabajan con personas privadas de libertad\u201d, dijo la Dra. Acu\u00f1a.<\/span><\/p>\n<p><span style=\"font-family: verdana, geneva; font-size: small;\"><strong>ADECUACI\u00d3N DE PROPUESTA<\/strong><\/span><\/p>\n<p><span style=\"font-family: verdana, geneva; font-size: small;\">Sostuvo que el programa oblig\u00f3 a la universidad a contextualizar las clases, considerando la realidad de los docentes que cursar\u00edan el diplomado y tambi\u00e9n el de sus alumnos. Ello implic\u00f3 armonizar la propuesta te\u00f3rica y pr\u00e1ctica con horarios, c\u00f3digos y lenguajes distintos.<\/span><\/p>\n<p><img loading=\"lazy\" decoding=\"async\" class=\" alignleft size-full wp-image-173\" src=\"http:\/\/educaciondeadultos.cl\/web\/wp-content\/uploads\/2015\/05\/diplomado-1-300x181.jpg\" border=\"0\" alt=\"\" width=\"349\" height=\"210\" style=\"float: left;\" \/><\/p>\n<p><span style=\"font-family: verdana, geneva; font-size: small; line-height: 1.3em;\">Agreg\u00f3 que el docente que trabaja al interior de los recintos penitenciarios se caracteriza por presentar una gran conciencia social, cuya labor realiza con mucha gratificaci\u00f3n. Adem\u00e1s, cuentan con el respeto de sus alumnos, quienes se sienten muy motivados a estudiar por los beneficios que eventualmente podr\u00eda recibir.<\/span><\/p>\n<p><span style=\"font-family: verdana, geneva; font-size: small;\">\u201cPero eso no es todo, la persona privada de libertad encuentra en la educaci\u00f3n un espacio de liberaci\u00f3n, porque es una forma de mostrarle el mundo y vivirlo en un espacio cerrado. El docente comprende muy bien ese fen\u00f3meno, por lo tanto, hay un fuerte compromiso con su estudiante\u201d, coment\u00f3 la especialista, quien advirti\u00f3 que la Universidad de Playa Ancha es la \u00fanica que imparte a nivel nacional, un programa como \u00e9ste.<\/span><\/p>\n<p><span style=\"font-family: verdana, geneva; font-size: small;\">Fuente: UPLA Noticias. 26 de mayo<\/span><\/p>\n","protected":false},"excerpt":{"rendered":"<p>Ofrecer oportunidades a los docentes y profesionales de diferentes disciplinas que se desempe\u00f1an con personas privadas de libertad, es el objetivo del diplomado \u201cEn educaci\u00f3n de adultos en contextos de encierro\u201d, que imparte la Facultad de Ciencias de la Educaci\u00f3n de la\u00a0Universidad de Playa Ancha. La\u00a0Dra. Violeta Acu\u00f1a,\u00a0 directora del programa, precis\u00f3 que \u00e9ste se [&hellip;]<\/p>\n","protected":false},"author":1,"featured_media":171,"comment_status":"closed","ping_status":"closed","sticky":false,"template":"","format":"standard","meta":{"_et_pb_use_builder":"","_et_pb_old_content":"","_et_gb_content_width":"","_oasis_is_in_workflow":0,"_oasis_original":0,"footnotes":""},"categories":[45],"tags":[],"class_list":["post-174","post","type-post","status-publish","format-standard","has-post-thumbnail","hentry","category-event"],"_links":{"self":[{"href":"http:\/\/educaciondeadultos.cl\/web\/wp-json\/wp\/v2\/posts\/174","targetHints":{"allow":["GET"]}}],"collection":[{"href":"http:\/\/educaciondeadultos.cl\/web\/wp-json\/wp\/v2\/posts"}],"about":[{"href":"http:\/\/educaciondeadultos.cl\/web\/wp-json\/wp\/v2\/types\/post"}],"author":[{"embeddable":true,"href":"http:\/\/educaciondeadultos.cl\/web\/wp-json\/wp\/v2\/users\/1"}],"replies":[{"embeddable":true,"href":"http:\/\/educaciondeadultos.cl\/web\/wp-json\/wp\/v2\/comments?post=174"}],"version-history":[{"count":0,"href":"http:\/\/educaciondeadultos.cl\/web\/wp-json\/wp\/v2\/posts\/174\/revisions"}],"wp:featuredmedia":[{"embeddable":true,"href":"http:\/\/educaciondeadultos.cl\/web\/wp-json\/wp\/v2\/media\/171"}],"wp:attachment":[{"href":"http:\/\/educaciondeadultos.cl\/web\/wp-json\/wp\/v2\/media?parent=174"}],"wp:term":[{"taxonomy":"category","embeddable":true,"href":"http:\/\/educaciondeadultos.cl\/web\/wp-json\/wp\/v2\/categories?post=174"},{"taxonomy":"post_tag","embeddable":true,"href":"http:\/\/educaciondeadultos.cl\/web\/wp-json\/wp\/v2\/tags?post=174"}],"curies":[{"name":"wp","href":"https:\/\/api.w.org\/{rel}","templated":true}]}}