{"id":165,"date":"2015-05-15T13:49:31","date_gmt":"2015-05-15T16:49:31","guid":{"rendered":"http:\/\/educaciondeadultos.cl\/web\/2015\/05\/15\/jovenes-y-adultos-es-tema-del-seminario-de-la-unicamp\/"},"modified":"2015-05-15T13:49:31","modified_gmt":"2015-05-15T16:49:31","slug":"jovenes-y-adultos-es-tema-del-seminario-de-la-unicamp","status":"publish","type":"post","link":"http:\/\/educaciondeadultos.cl\/web\/2015\/05\/15\/jovenes-y-adultos-es-tema-del-seminario-de-la-unicamp\/","title":{"rendered":"J\u00f3venes y adultos  es tema del seminario de la Unicamp"},"content":{"rendered":"<p><img loading=\"lazy\" decoding=\"async\" class=\" size-full wp-image-163\" src=\"http:\/\/educaciondeadultos.cl\/web\/wp-content\/uploads\/2015\/05\/a39a6f25dc4540ba260d65470894f1a3.jpg\" alt=\"\" width=\"350\" height=\"197\" srcset=\"http:\/\/educaciondeadultos.cl\/web\/wp-content\/uploads\/2015\/05\/a39a6f25dc4540ba260d65470894f1a3.jpg 350w, http:\/\/educaciondeadultos.cl\/web\/wp-content\/uploads\/2015\/05\/a39a6f25dc4540ba260d65470894f1a3-300x169.jpg 300w\" sizes=\"auto, (max-width: 350px) 100vw, 350px\" \/><\/p>\n<p><span style=\"font-family: verdana, geneva; font-size: small;\"><img loading=\"lazy\" decoding=\"async\" class=\" alignleft size-full wp-image-164\" src=\"http:\/\/educaciondeadultos.cl\/web\/wp-content\/uploads\/2015\/05\/seminariofe_abertura_1_350.jpg\" border=\"0\" alt=\"\" style=\"float: left;\" width=\"350\" height=\"197\" srcset=\"http:\/\/educaciondeadultos.cl\/web\/wp-content\/uploads\/2015\/05\/seminariofe_abertura_1_350.jpg 350w, http:\/\/educaciondeadultos.cl\/web\/wp-content\/uploads\/2015\/05\/seminariofe_abertura_1_350-300x169.jpg 300w\" sizes=\"auto, (max-width: 350px) 100vw, 350px\" \/>Hasta este viernes, 15 de mayo, Unicamp ser\u00e1 sede del\u00a0<a href=\"http:\/\/seminarioeja2015.blogspot.com.br\/2015\/01\/v-seminario-nacional-sobre-formacao-de.html\">Seminario Nacional en Formaci\u00f3n del Profesorado de J\u00f3venes y Adultos<\/a>\u00a0bajo el lema<\/span><span style=\"font-family: verdana, geneva; font-size: small;\">\u00a0\u00abJuventud y Adulto Educador Formaci\u00f3n desde la perspectiva de la educaci\u00f3n popular.\u00bb\u00a0<\/span><\/p>\n<p><span style=\"font-family: verdana, geneva; font-size: small;\">El evento es organizado por un grupo de profesores de la Unicamp, USP, Unesp, UFSCar, Unifesp, UnG y miembros del Foro Estatal de EJA &#8211; Brasil.\u00a0<\/span><\/p>\n<p><span style=\"font-family: verdana, geneva; font-size: small;\">\u00abLa reactivaci\u00f3n del di\u00e1logo\u00bb, \u00abreflexionar conjuntamente\u00bb, \u00abaspectos objetivo\u00bb y \u00abconstruir nuevos caminos\u00bb, son algunos de los objetivos del evento, \u00a0que se realizar\u00e1 en el centro del Convenio de la Unicamp, reuniendo a representantes de la UNESCO, Ministerio de Educaci\u00f3n, autoridades de educaci\u00f3n y el Foro EJA Brasil.\u00a0<\/span><\/p>\n<p><span style=\"font-family: verdana, geneva; font-size: small; line-height: 1.3em;\">El evento llam\u00f3 al di\u00e1logo no s\u00f3lo al interior de las universidades, sino que tambi\u00e9n de los gobiernos, las organizaciones internacionales, los maestros, los movimientos sociales, organizaciones no gubernamentales y la sociedad civil.\u00a0<\/span><\/p>\n<p><span style=\"font-family: verdana, geneva; font-size: small;\">Seg\u00fan el profesor, Jarina Fernandes, en la Universidad Federal de S\u00e3o Carlos (UFSCar), una de las instituciones organizadoras del evento, la iniciativa re\u00fane a los representantes de 24 de los 27 foros de EJA en el pa\u00eds, este \u00faltimo reconocido como uno de los principales interlocutores de la la educaci\u00f3n de j\u00f3venes y adultos en Brasil.<\/span><\/p>\n<p><span style=\"font-family: verdana, geneva; font-size: small;\">Fuente: UNICAMP (adaptada al espa\u00f1ol.\u00a0<\/span><\/p>\n<p><span style=\"font-family: verdana, geneva; font-size: small;\">Nota de la edici\u00f3n. Violeta Acu\u00f1a, Directora del Programa Disciplinario de Educaci\u00f3n de Adultos y J\u00f3venes de la UPLA, participa en esta actividad con el tema \u00abJuventud y Adulto Educador Formaci\u00f3n desde la perspectiva de la educaci\u00f3n popular\u00bb.<\/span><\/p>\n","protected":false},"excerpt":{"rendered":"<p>Hasta este viernes, 15 de mayo, Unicamp ser\u00e1 sede del\u00a0Seminario Nacional en Formaci\u00f3n del Profesorado de J\u00f3venes y Adultos\u00a0bajo el lema\u00a0\u00abJuventud y Adulto Educador Formaci\u00f3n desde la perspectiva de la educaci\u00f3n popular.\u00bb\u00a0 El evento es organizado por un grupo de profesores de la Unicamp, USP, Unesp, UFSCar, Unifesp, UnG y miembros del Foro Estatal de [&hellip;]<\/p>\n","protected":false},"author":1,"featured_media":163,"comment_status":"closed","ping_status":"closed","sticky":false,"template":"","format":"standard","meta":{"_et_pb_use_builder":"","_et_pb_old_content":"","_et_gb_content_width":"","_oasis_is_in_workflow":0,"_oasis_original":0,"footnotes":""},"categories":[45],"tags":[],"class_list":["post-165","post","type-post","status-publish","format-standard","has-post-thumbnail","hentry","category-event"],"_links":{"self":[{"href":"http:\/\/educaciondeadultos.cl\/web\/wp-json\/wp\/v2\/posts\/165","targetHints":{"allow":["GET"]}}],"collection":[{"href":"http:\/\/educaciondeadultos.cl\/web\/wp-json\/wp\/v2\/posts"}],"about":[{"href":"http:\/\/educaciondeadultos.cl\/web\/wp-json\/wp\/v2\/types\/post"}],"author":[{"embeddable":true,"href":"http:\/\/educaciondeadultos.cl\/web\/wp-json\/wp\/v2\/users\/1"}],"replies":[{"embeddable":true,"href":"http:\/\/educaciondeadultos.cl\/web\/wp-json\/wp\/v2\/comments?post=165"}],"version-history":[{"count":0,"href":"http:\/\/educaciondeadultos.cl\/web\/wp-json\/wp\/v2\/posts\/165\/revisions"}],"wp:featuredmedia":[{"embeddable":true,"href":"http:\/\/educaciondeadultos.cl\/web\/wp-json\/wp\/v2\/media\/163"}],"wp:attachment":[{"href":"http:\/\/educaciondeadultos.cl\/web\/wp-json\/wp\/v2\/media?parent=165"}],"wp:term":[{"taxonomy":"category","embeddable":true,"href":"http:\/\/educaciondeadultos.cl\/web\/wp-json\/wp\/v2\/categories?post=165"},{"taxonomy":"post_tag","embeddable":true,"href":"http:\/\/educaciondeadultos.cl\/web\/wp-json\/wp\/v2\/tags?post=165"}],"curies":[{"name":"wp","href":"https:\/\/api.w.org\/{rel}","templated":true}]}}