{"id":162,"date":"2015-05-13T01:22:12","date_gmt":"2015-05-13T04:22:12","guid":{"rendered":"http:\/\/educaciondeadultos.cl\/web\/2015\/05\/13\/dra-violeta-acuna-expone-en-universidad-brasilena\/"},"modified":"2015-05-13T01:22:12","modified_gmt":"2015-05-13T04:22:12","slug":"dra-violeta-acuna-expone-en-universidad-brasilena","status":"publish","type":"post","link":"http:\/\/educaciondeadultos.cl\/web\/2015\/05\/13\/dra-violeta-acuna-expone-en-universidad-brasilena\/","title":{"rendered":"Dra. Violeta Acu\u00f1a expone en universidad brasile\u00f1a"},"content":{"rendered":"<p><img loading=\"lazy\" decoding=\"async\" class=\" size-full wp-image-160\" src=\"http:\/\/educaciondeadultos.cl\/web\/wp-content\/uploads\/2015\/05\/24eb469de76283bf95760d20fb997762.jpg\" alt=\"\" width=\"640\" height=\"330\" srcset=\"http:\/\/educaciondeadultos.cl\/web\/wp-content\/uploads\/2015\/05\/24eb469de76283bf95760d20fb997762.jpg 640w, http:\/\/educaciondeadultos.cl\/web\/wp-content\/uploads\/2015\/05\/24eb469de76283bf95760d20fb997762-300x155.jpg 300w\" sizes=\"auto, (max-width: 640px) 100vw, 640px\" \/><\/p>\n<p><span style=\"font-family: verdana, geneva; font-size: small;\"><img loading=\"lazy\" decoding=\"async\" class=\" alignright size-full wp-image-161\" src=\"http:\/\/educaciondeadultos.cl\/web\/wp-content\/uploads\/2015\/05\/Violeta-Acua-300x200.jpg\" border=\"0\" alt=\"\" style=\"float: right;\" width=\"300\" height=\"200\" \/>Compartir la\u00a0 experiencia de la\u00a0<strong>Universidad de Playa Ancha<\/strong>\u00a0 en relaci\u00f3n a la educaci\u00f3n de adultos, tanto en su aspecto te\u00f3rico como pr\u00e1ctico, es el tema central sobre el cual expondr\u00e1\u00a0 la\u00a0<strong>Dra. Violeta Acu\u00f1a<\/strong>\u00a0en la\u00a0<strong>Universidad Estatal de Campinas, Brasil.<\/strong><\/span><\/p>\n<p><span style=\"font-family: verdana, geneva; font-size: small;\">Lo anterior obedece a una invitaci\u00f3n especial que recibi\u00f3 la especialista para impartir esta conferencia en el <strong>V Seminario Nacional de Formaci\u00f3n de Educadores de Educaci\u00f3n de J\u00f3venes y adultos<\/strong>, que se realizar\u00e1 entre el 13 y 15 de mayo pr\u00f3ximo en la Facultad de Educaci\u00f3n de dicho plantel brasile\u00f1o<\/span><\/p>\n<p><span style=\"font-family: verdana, geneva; font-size: small;\">\u201cPara m\u00ed es\u00a0 muy gratificante recibir esta invitaci\u00f3n, porque se trata de una instancia donde participan\u00a0 varias universidades de<strong>\u00a0<\/strong>Brasil. A ella asistir\u00e1n\u00a0 educadores que desarrollan la l\u00ednea de educaci\u00f3n de adulto, en conjunto con el Ministerio de Educaci\u00f3n de Brasil, y profesores del sistema\u201d, sostuvo la especialista.<\/span><\/p>\n<p><span style=\"font-family: verdana, geneva; font-size: small;\">Agreg\u00f3 que esta invitaci\u00f3n surgi\u00f3 luego de su participaci\u00f3n (hace dos meses) en otro seminario internacional en la Universidad de Sao\u00a0 Paulo, en el cual expuso sobre formaci\u00f3n de educaci\u00f3n de adultos. En dicha oportunidad tambi\u00e9n se refiri\u00f3 a su\u00a0 l\u00ednea investigativa,\u00a0 que se aborda de manera transversal en nuestra casa de estudios: pregrado (asignaturas optativas) y postgrado (diplomado y mag\u00edster).<\/span><\/p>\n<p><span style=\"font-family: verdana, geneva; font-size: small;\">Fuente. UPLA Noticias.<\/span><\/p>\n","protected":false},"excerpt":{"rendered":"<p>Compartir la\u00a0 experiencia de la\u00a0Universidad de Playa Ancha\u00a0 en relaci\u00f3n a la educaci\u00f3n de adultos, tanto en su aspecto te\u00f3rico como pr\u00e1ctico, es el tema central sobre el cual expondr\u00e1\u00a0 la\u00a0Dra. Violeta Acu\u00f1a\u00a0en la\u00a0Universidad Estatal de Campinas, Brasil. Lo anterior obedece a una invitaci\u00f3n especial que recibi\u00f3 la especialista para impartir esta conferencia en el [&hellip;]<\/p>\n","protected":false},"author":1,"featured_media":160,"comment_status":"closed","ping_status":"closed","sticky":false,"template":"","format":"standard","meta":{"_et_pb_use_builder":"","_et_pb_old_content":"","_et_gb_content_width":"","_oasis_is_in_workflow":0,"_oasis_original":0,"footnotes":""},"categories":[45],"tags":[],"class_list":["post-162","post","type-post","status-publish","format-standard","has-post-thumbnail","hentry","category-event"],"_links":{"self":[{"href":"http:\/\/educaciondeadultos.cl\/web\/wp-json\/wp\/v2\/posts\/162","targetHints":{"allow":["GET"]}}],"collection":[{"href":"http:\/\/educaciondeadultos.cl\/web\/wp-json\/wp\/v2\/posts"}],"about":[{"href":"http:\/\/educaciondeadultos.cl\/web\/wp-json\/wp\/v2\/types\/post"}],"author":[{"embeddable":true,"href":"http:\/\/educaciondeadultos.cl\/web\/wp-json\/wp\/v2\/users\/1"}],"replies":[{"embeddable":true,"href":"http:\/\/educaciondeadultos.cl\/web\/wp-json\/wp\/v2\/comments?post=162"}],"version-history":[{"count":0,"href":"http:\/\/educaciondeadultos.cl\/web\/wp-json\/wp\/v2\/posts\/162\/revisions"}],"wp:featuredmedia":[{"embeddable":true,"href":"http:\/\/educaciondeadultos.cl\/web\/wp-json\/wp\/v2\/media\/160"}],"wp:attachment":[{"href":"http:\/\/educaciondeadultos.cl\/web\/wp-json\/wp\/v2\/media?parent=162"}],"wp:term":[{"taxonomy":"category","embeddable":true,"href":"http:\/\/educaciondeadultos.cl\/web\/wp-json\/wp\/v2\/categories?post=162"},{"taxonomy":"post_tag","embeddable":true,"href":"http:\/\/educaciondeadultos.cl\/web\/wp-json\/wp\/v2\/tags?post=162"}],"curies":[{"name":"wp","href":"https:\/\/api.w.org\/{rel}","templated":true}]}}