{"id":158,"date":"2015-04-20T01:32:45","date_gmt":"2015-04-20T04:32:45","guid":{"rendered":"http:\/\/educaciondeadultos.cl\/web\/2015\/04\/20\/con-bus-de-acercamiento-parte-programa-de-nivelacion-flexible-de-etudios\/"},"modified":"2015-04-20T01:32:45","modified_gmt":"2015-04-20T04:32:45","slug":"con-bus-de-acercamiento-parte-programa-de-nivelacion-flexible-de-etudios","status":"publish","type":"post","link":"http:\/\/educaciondeadultos.cl\/web\/2015\/04\/20\/con-bus-de-acercamiento-parte-programa-de-nivelacion-flexible-de-etudios\/","title":{"rendered":"Con bus de acercamiento parte Programa de Nivelaci\u00f3n Flexible de Estudios"},"content":{"rendered":"<p><img loading=\"lazy\" decoding=\"async\" class=\" size-full wp-image-156\" src=\"http:\/\/educaciondeadultos.cl\/web\/wp-content\/uploads\/2015\/04\/c7726f5ad947c814df35c64905184dce.jpg\" alt=\"\" width=\"510\" height=\"300\" srcset=\"http:\/\/educaciondeadultos.cl\/web\/wp-content\/uploads\/2015\/04\/c7726f5ad947c814df35c64905184dce.jpg 510w, http:\/\/educaciondeadultos.cl\/web\/wp-content\/uploads\/2015\/04\/c7726f5ad947c814df35c64905184dce-300x176.jpg 300w\" sizes=\"auto, (max-width: 510px) 100vw, 510px\" \/><\/p>\n<p style=\"text-align: left;\"><span style=\"font-family: verdana, geneva; font-size: small; line-height: 1.3em; color: #000000;\"><img loading=\"lazy\" decoding=\"async\" class=\" alignleft size-full wp-image-157\" src=\"http:\/\/educaciondeadultos.cl\/web\/wp-content\/uploads\/2015\/04\/flexible.jpg\" border=\"0\" alt=\"\" width=\"286\" height=\"156\" style=\"float: left;\" \/>\u00a0 \u00a0 \u00a0 \u00a0Abiertas se encuentran las inscripciones para quienes se han propuesto\u00a0iniciar o bien completar sus estudios de <strong>Educaci\u00f3n B\u00e1sica <\/strong>o<strong> de Ense\u00f1anza Media<\/strong>, de acuerdo al <strong>Servicio<\/strong> de\u00a0<strong>Modalidad Flexible<\/strong>, correspondiente al a\u00f1o 2015, que imparte el Programa Disciplinario de Educaci\u00f3n de J\u00f3venes y Adultos, bajo la coordinaci\u00f3n de la acad\u00e9mica <strong>Vivian Astudillo C\u00e1rcamo<\/strong>.<\/span><\/p>\n<p><span style=\"font-size: small; line-height: 1.3em; font-family: verdana, geneva; color: #000000;\">Reconocida por el Ministerio de Educaci\u00f3n, \u00a0esta modalidad flexible de estudios est\u00e1 dirigida a las\u00a0personas j\u00f3venes y adultas, mayores de\u00a018 a\u00f1os, que por distintos motivos, ya sean razones de \u00a0trabajo, salud, cuidado de familiares, u otros asociados a la disponibilidad de tiempo,\u00a0no han podido cursarlos y\/o continuarlos.<\/span><\/p>\n<p><span style=\"font-size: small; line-height: 1.3em; font-family: verdana, geneva; color: #000000;\">Esta es una oportunidad que permite avanzar en niveles educativos de manera semi presencial ajustada a la realidad de cada cual participante.\u00a0 Los ex\u00e1menes son rendidos por sector de aprendizaje y a su t\u00e9rmino, los cursos son v\u00e1lidos para todos los efectos legales y permiten continuar los estudios superiores.<\/span><\/p>\n<p><span style=\"font-family: verdana, geneva; color: #000000; font-size: small;\"><span style=\"line-height: 1.3em;\">Para el a\u00f1o 2015, las clases del nivel de Educaci\u00f3n Media<\/span><span style=\"line-height: 1.3em;\">\u00a0se realizar\u00e1n los d\u00edas martes, mi\u00e9rcoles y viernes y de Educaci\u00f3n B\u00e1sica<\/span><span style=\"line-height: 1.3em;\">\u00a0los d\u00edas martes y viernes; ambas jornadas de 19:00 a 22:00 horas, en la sede de la Casa Central de la Universidad de Playa Ancha (Av. Playa\u00a0 Ancha N\u00b0 850).<\/span><\/span><\/p>\n<p><span style=\"font-family: verdana, geneva; color: #000000; font-size: small;\"><span style=\"line-height: 1.3em;\">El bus de acercamiento saldr\u00e1 los d\u00edas de clases, al t\u00e9rmino de la jornada, (22:00 horas), desde<\/span><strong style=\"font-size: 12.1599998474121px; line-height: 1.3em;\">\u00a0<\/strong>la sede de la universidad hacia<strong style=\"font-size: 12.1599998474121px; line-height: 1.3em;\">\u00a0<\/strong><span style=\"line-height: 1.3em;\">la Plaza Victoria de Valpara\u00edso.<\/span><\/span><\/p>\n<p><strong style=\"font-family: verdana, geneva; font-size: small; line-height: 1.3em;\">Consultas:<\/strong><span style=\"font-family: verdana, geneva; font-size: small; line-height: 1.3em;\"> correo electr\u00f3nico: <\/span><a href=\"mailto:upla.adultos@gmail.com\" style=\"font-family: verdana, geneva; font-size: small; line-height: 1.3em;\">upla.adultos@gmail.com<\/a><\/p>\n<p><span style=\"font-family: verdana, geneva; font-size: small;\">\u00a0Fono: (032) 2500225.<\/span><\/p>\n<p>\u00a0__________________________________<\/p>\n<p><span style=\"font-family: verdana, geneva; color: #000000; font-size: small;\"><span style=\"line-height: 1.3em;\">Fotograf\u00eda Mineduc.<\/span><\/span><\/p>\n<p><span style=\"font-family: verdana, geneva; color: #000000; font-size: small;\"><span style=\"line-height: 1.3em;\">20 de abril de 2015<\/span><\/span><\/p>\n","protected":false},"excerpt":{"rendered":"<p>\u00a0 \u00a0 \u00a0 \u00a0Abiertas se encuentran las inscripciones para quienes se han propuesto\u00a0iniciar o bien completar sus estudios de Educaci\u00f3n B\u00e1sica o de Ense\u00f1anza Media, de acuerdo al Servicio de\u00a0Modalidad Flexible, correspondiente al a\u00f1o 2015, que imparte el Programa Disciplinario de Educaci\u00f3n de J\u00f3venes y Adultos, bajo la coordinaci\u00f3n de la acad\u00e9mica Vivian Astudillo C\u00e1rcamo. [&hellip;]<\/p>\n","protected":false},"author":1,"featured_media":156,"comment_status":"closed","ping_status":"closed","sticky":false,"template":"","format":"standard","meta":{"_et_pb_use_builder":"","_et_pb_old_content":"","_et_gb_content_width":"","_oasis_is_in_workflow":0,"_oasis_original":0,"footnotes":""},"categories":[45],"tags":[107],"class_list":["post-158","post","type-post","status-publish","format-standard","has-post-thumbnail","hentry","category-event","tag-docencia"],"_links":{"self":[{"href":"http:\/\/educaciondeadultos.cl\/web\/wp-json\/wp\/v2\/posts\/158","targetHints":{"allow":["GET"]}}],"collection":[{"href":"http:\/\/educaciondeadultos.cl\/web\/wp-json\/wp\/v2\/posts"}],"about":[{"href":"http:\/\/educaciondeadultos.cl\/web\/wp-json\/wp\/v2\/types\/post"}],"author":[{"embeddable":true,"href":"http:\/\/educaciondeadultos.cl\/web\/wp-json\/wp\/v2\/users\/1"}],"replies":[{"embeddable":true,"href":"http:\/\/educaciondeadultos.cl\/web\/wp-json\/wp\/v2\/comments?post=158"}],"version-history":[{"count":0,"href":"http:\/\/educaciondeadultos.cl\/web\/wp-json\/wp\/v2\/posts\/158\/revisions"}],"wp:featuredmedia":[{"embeddable":true,"href":"http:\/\/educaciondeadultos.cl\/web\/wp-json\/wp\/v2\/media\/156"}],"wp:attachment":[{"href":"http:\/\/educaciondeadultos.cl\/web\/wp-json\/wp\/v2\/media?parent=158"}],"wp:term":[{"taxonomy":"category","embeddable":true,"href":"http:\/\/educaciondeadultos.cl\/web\/wp-json\/wp\/v2\/categories?post=158"},{"taxonomy":"post_tag","embeddable":true,"href":"http:\/\/educaciondeadultos.cl\/web\/wp-json\/wp\/v2\/tags?post=158"}],"curies":[{"name":"wp","href":"https:\/\/api.w.org\/{rel}","templated":true}]}}