{"id":155,"date":"2015-04-16T20:59:17","date_gmt":"2015-04-16T23:59:17","guid":{"rendered":"http:\/\/educaciondeadultos.cl\/web\/2015\/04\/16\/comenzo-magister-en-educacion-de-adultos-y-procesos-formativos-2015\/"},"modified":"2015-04-16T20:59:17","modified_gmt":"2015-04-16T23:59:17","slug":"comenzo-magister-en-educacion-de-adultos-y-procesos-formativos-2015","status":"publish","type":"post","link":"http:\/\/educaciondeadultos.cl\/web\/2015\/04\/16\/comenzo-magister-en-educacion-de-adultos-y-procesos-formativos-2015\/","title":{"rendered":"Comenz\u00f3 Mag\u00edster en Educaci\u00f3n de Adultos y Procesos Formativos 2015"},"content":{"rendered":"<p><img loading=\"lazy\" decoding=\"async\" class=\" size-full wp-image-153\" src=\"http:\/\/educaciondeadultos.cl\/web\/wp-content\/uploads\/2015\/04\/570796c183ff69c8bf360848aa19a0f1.jpg\" alt=\"\" width=\"829\" height=\"572\" srcset=\"http:\/\/educaciondeadultos.cl\/web\/wp-content\/uploads\/2015\/04\/570796c183ff69c8bf360848aa19a0f1.jpg 829w, http:\/\/educaciondeadultos.cl\/web\/wp-content\/uploads\/2015\/04\/570796c183ff69c8bf360848aa19a0f1-300x207.jpg 300w, http:\/\/educaciondeadultos.cl\/web\/wp-content\/uploads\/2015\/04\/570796c183ff69c8bf360848aa19a0f1-768x530.jpg 768w\" sizes=\"auto, (max-width: 829px) 100vw, 829px\" \/><\/p>\n<p><span style=\"font-family: verdana, geneva; font-size: small;\"><img loading=\"lazy\" decoding=\"async\" class=\" alignright size-full wp-image-154\" src=\"http:\/\/educaciondeadultos.cl\/web\/wp-content\/uploads\/2015\/04\/MAGISTER2015FIN.jpg\" border=\"0\" alt=\"\" width=\"264\" height=\"552\" style=\"float: right;\" srcset=\"http:\/\/educaciondeadultos.cl\/web\/wp-content\/uploads\/2015\/04\/MAGISTER2015FIN.jpg 447w, http:\/\/educaciondeadultos.cl\/web\/wp-content\/uploads\/2015\/04\/MAGISTER2015FIN-143x300.jpg 143w\" sizes=\"auto, (max-width: 264px) 100vw, 264px\" \/><\/span><\/p>\n<p>\u00a0<\/p>\n<p><span style=\"font-family: verdana, geneva; font-size: small;\"><span style=\"color: #000000;\">Con un discurso de bienvenida de la <span style=\"color: #333333;\"><strong>Dra. Violeta Acu\u00f1a,\u00a0Coordinadora del Programa Disciplinario en Educaci\u00f3n para J\u00f3venes y Adultos<\/strong><\/span>, un taller de habilidades investigativas, a cargo de la<span style=\"color: #333333;\"> <strong>Dra. Patricia Mu\u00f1oz<\/strong>,<\/span> y la primera clase\u00a0 dictada por la <strong>Dra. Graciela Rubio<\/strong>, en relaci\u00f3n a Metodolog\u00eda de Investigaci\u00f3n Cualitativa, se iniciaron el s\u00e1bado 11 de abril las clases de<\/span>l <strong>Mag\u00edster en Educaci\u00f3n de Adultos y Procesos Formativos<\/strong>.<\/span><\/p>\n<p><span style=\"color: #000000; font-family: verdana, geneva; font-size: small; line-height: 1.3em;\">Durante su intervenci\u00f3n, la Dra. Violeta Acu\u00f1a, invit\u00f3 a los profesionales que cursan este\u00a0Mag\u00edster\u00a0a definir e impulsar \u00a0iniciativas que permitan enriquecer la pr\u00e1ctica, la gesti\u00f3n educativa p\u00fablica y la investigaci\u00f3n en el \u00e1mbito de la Educaci\u00f3n para J\u00f3venes y Adultos.<\/span><\/p>\n<p><span style=\"color: #000000;\">\u00a0<\/span><span style=\"font-family: verdana, geneva; font-size: small; color: #000000;\">Tambi\u00e9n manifest\u00f3 su compromiso por desarrollar el presente a\u00f1o un trabajo conjunto y participativo de alta calidad y que responda a las expectativas de cada uno de los alumnos participantes.<\/span><\/p>\n<p><span style=\"font-size: small; line-height: 1.3em; font-family: verdana, geneva; color: #000000;\">El Mag\u00edster en Educaci\u00f3n de Adultos y Procesos Formativos es un programa de car\u00e1cter acad\u00e9mico destinado a la formaci\u00f3n de quienes que se proponen investigar y trabajar en Educaci\u00f3n de las personas adultas en modalidades formales y no formales, siguiendo las directrices enmarcadas en el paradigma de la <strong>\u201cEducaci\u00f3n durante toda la vida\u201d<\/strong> que promociona e impulsa la Organizaci\u00f3n de las <strong>Naciones Unidas para la Educaci\u00f3n, la Ciencia \u00a0y la Cultura, Unesco<\/strong>.<\/span><\/p>\n<p>\u00a0<\/p>\n<p><span style=\"font-size: small; line-height: 1.3em; font-family: verdana, geneva;\">16 de abril 2015.<\/span><\/p>\n","protected":false},"excerpt":{"rendered":"<p>\u00a0 Con un discurso de bienvenida de la Dra. Violeta Acu\u00f1a,\u00a0Coordinadora del Programa Disciplinario en Educaci\u00f3n para J\u00f3venes y Adultos, un taller de habilidades investigativas, a cargo de la Dra. Patricia Mu\u00f1oz, y la primera clase\u00a0 dictada por la Dra. Graciela Rubio, en relaci\u00f3n a Metodolog\u00eda de Investigaci\u00f3n Cualitativa, se iniciaron el s\u00e1bado 11 de [&hellip;]<\/p>\n","protected":false},"author":1,"featured_media":153,"comment_status":"closed","ping_status":"closed","sticky":false,"template":"","format":"standard","meta":{"_et_pb_use_builder":"","_et_pb_old_content":"","_et_gb_content_width":"","_oasis_is_in_workflow":0,"_oasis_original":0,"footnotes":""},"categories":[45],"tags":[107],"class_list":["post-155","post","type-post","status-publish","format-standard","has-post-thumbnail","hentry","category-event","tag-docencia"],"_links":{"self":[{"href":"http:\/\/educaciondeadultos.cl\/web\/wp-json\/wp\/v2\/posts\/155","targetHints":{"allow":["GET"]}}],"collection":[{"href":"http:\/\/educaciondeadultos.cl\/web\/wp-json\/wp\/v2\/posts"}],"about":[{"href":"http:\/\/educaciondeadultos.cl\/web\/wp-json\/wp\/v2\/types\/post"}],"author":[{"embeddable":true,"href":"http:\/\/educaciondeadultos.cl\/web\/wp-json\/wp\/v2\/users\/1"}],"replies":[{"embeddable":true,"href":"http:\/\/educaciondeadultos.cl\/web\/wp-json\/wp\/v2\/comments?post=155"}],"version-history":[{"count":0,"href":"http:\/\/educaciondeadultos.cl\/web\/wp-json\/wp\/v2\/posts\/155\/revisions"}],"wp:featuredmedia":[{"embeddable":true,"href":"http:\/\/educaciondeadultos.cl\/web\/wp-json\/wp\/v2\/media\/153"}],"wp:attachment":[{"href":"http:\/\/educaciondeadultos.cl\/web\/wp-json\/wp\/v2\/media?parent=155"}],"wp:term":[{"taxonomy":"category","embeddable":true,"href":"http:\/\/educaciondeadultos.cl\/web\/wp-json\/wp\/v2\/categories?post=155"},{"taxonomy":"post_tag","embeddable":true,"href":"http:\/\/educaciondeadultos.cl\/web\/wp-json\/wp\/v2\/tags?post=155"}],"curies":[{"name":"wp","href":"https:\/\/api.w.org\/{rel}","templated":true}]}}