{"id":152,"date":"2015-03-30T22:30:55","date_gmt":"2015-03-31T01:30:55","guid":{"rendered":"http:\/\/educaciondeadultos.cl\/web\/2015\/03\/30\/convenio-de-cooperacion-con-la-universidad-de-sao-paolo\/"},"modified":"2015-03-30T22:30:55","modified_gmt":"2015-03-31T01:30:55","slug":"convenio-de-cooperacion-con-la-universidad-de-sao-paolo","status":"publish","type":"post","link":"http:\/\/educaciondeadultos.cl\/web\/2015\/03\/30\/convenio-de-cooperacion-con-la-universidad-de-sao-paolo\/","title":{"rendered":"Convenio de cooperaci\u00f3n con la Universidad de Sao Paulo"},"content":{"rendered":"<p><img loading=\"lazy\" decoding=\"async\" class=\" size-full wp-image-150\" src=\"http:\/\/educaciondeadultos.cl\/web\/wp-content\/uploads\/2015\/03\/f44997cb312b542bbd55c895274ee230.jpg\" alt=\"\" width=\"806\" height=\"467\" srcset=\"http:\/\/educaciondeadultos.cl\/web\/wp-content\/uploads\/2015\/03\/f44997cb312b542bbd55c895274ee230.jpg 806w, http:\/\/educaciondeadultos.cl\/web\/wp-content\/uploads\/2015\/03\/f44997cb312b542bbd55c895274ee230-300x174.jpg 300w, http:\/\/educaciondeadultos.cl\/web\/wp-content\/uploads\/2015\/03\/f44997cb312b542bbd55c895274ee230-768x445.jpg 768w\" sizes=\"auto, (max-width: 806px) 100vw, 806px\" \/><\/p>\n<p><span style=\"font-family: verdana, geneva; font-size: small; color: #333333;\"><img loading=\"lazy\" decoding=\"async\" class=\" size-full wp-image-151\" src=\"http:\/\/educaciondeadultos.cl\/web\/wp-content\/uploads\/2015\/03\/violetaenbrasilfin.jpg\" border=\"0\" alt=\"\" width=\"591\" height=\"343\" style=\"display: block; margin-left: auto; margin-right: auto;\" \/><\/span><\/p>\n<p style=\"text-align: justify;\"><span style=\"font-family: verdana, geneva; font-size: small; color: #333333;\">La <strong>Facultad de Ciencias de la Educaci\u00f3n de la Universidad de Playa Ancha<\/strong> y la<strong> Facultad de Educaci\u00f3n de la Universidad de Sao Paulo<\/strong>\u00a0suscribieron recientemente un convenio de cooperaci\u00f3n mutua que abrir\u00e1 oportunidades de intercambio \u00a0a los estudiantes, a los acad\u00e9micos\u00a0\u00a0y perspectivas de realizar de manera conjunta investigaciones y publicaciones.\u00a0<\/span><\/p>\n<p style=\"text-align: justify;\"><span style=\"font-size: small; line-height: 1.3em; font-family: verdana, geneva; color: #333333;\">La doctora <strong>Violeta Acu\u00f1a Collado<\/strong>, Coordinadora del Programa de Investigaci\u00f3n Disciplinaria de Educaci\u00f3n de J\u00f3venes y Adultos de la Facultad de Ciencias de la Educaci\u00f3n de la Universidad de Playa Ancha,\u00a0tendr\u00e1 a su cargo la organizaci\u00f3n de\u00a0los aspectos t\u00e9cnicos y administrativos de este convenio, y\u00a0por la parte de la Universidad de Sao Paulo, dicha responsabilidad recae en\u00a0la acad\u00e9mica, <strong>Mar\u00eda Clara Di Pierro<\/strong>, doctora y especialista en Educaci\u00f3n de Adultos.<\/span><\/p>\n<p style=\"text-align: justify;\"><span style=\"font-family: verdana, geneva; font-size: small; line-height: 1.3em;\">El convenio favorecer\u00e1 a los estudiantes \u00a0y acad\u00e9micos de los niveles de formaci\u00f3n de Pregrado de las diferentes carreras de la Facultad de Ciencias de la Educaci\u00f3n, as\u00ed como tambi\u00e9n a los de niveles de Postgrado de ambos planteles universitarios.\u00a0<\/span><\/p>\n<p style=\"text-align: justify;\"><span style=\"font-size: small; line-height: 1.3em; font-family: verdana, geneva; color: #333333;\">En \u00a0materias de investigaciones y publicaciones se buscar\u00e1 promover y dar curso a coberturas que permitan levantar informaci\u00f3n comparada \u00a0destinada a reconocer las realidades en materias de educaci\u00f3n de adultos en Chile y Brasil, as\u00ed como de otros pa\u00edses de Am\u00e9rica Latina, adem\u00e1s de analizar el rol de las Universidades.<\/span><\/p>\n<p style=\"text-align: justify;\"><span style=\"font-family: verdana, geneva; font-size: small; color: #333333;\"><span style=\"line-height: 1.3em;\">Violeta Acu\u00f1a Collado, \u00a0Coordinadora del Programa de Educaci\u00f3n de J\u00f3venes y Adultos, visit\u00f3 la universidad brasile\u00f1a de Sao Paulo. Luego de participar en diversas reuniones de trabajo para acordar las modalidades de ejecuci\u00f3n, alcances y proyecciones del convenio, fue invitada a la Conferencia\u00a0<\/span><strong><em style=\"font-size: 12.1599998474121px; line-height: 1.3em;\">\u201cSituaci\u00f3n de la Educaci\u00f3n de Adultos en Chile en los \u00daltimos A\u00f1os\u201d,<\/em><\/strong><span style=\"line-height: 1.3em;\"><strong>\u00a0<\/strong>abordando el<\/span><em style=\"font-size: 12.1599998474121px; line-height: 1.3em;\">\u00a0\u00ab<strong>Rol de la Universidad en la Formaci\u00f3n de Profesionales de Educaci\u00f3n de Adultos\u201d. <\/strong><\/em><\/span><\/p>\n<p style=\"text-align: justify;\"><span style=\"font-family: verdana, geneva; font-size: small; color: #333333;\">Tras estas actividades<span style=\"line-height: 1.3em;\">, fue entrevistada a trav\u00e9s de un registro televisado por\u00a0la doctora\u00a0 Mar\u00eda Clara di Pierro.<\/span><\/span><\/p>\n<p style=\"text-align: justify;\"><span style=\"color: #333333;\"><span style=\"font-size: small; line-height: 1.3em; font-family: verdana, geneva;\">Vea <strong>aqu\u00ed el registro completo de\u00a0la entrevista:\u00a0<\/strong><span style=\"color: #333333;\"><strong><a href=\"https:\/\/www.youtube.com\/watch?v=Ta1PgBRRdFo&amp;feature=youtu.be\" target=\"_blank\">YouTube<\/a>\u00a0&#8211;\u00a0<\/strong><\/span><\/span><\/span><\/p>\n<p style=\"text-align: justify;\"><strong><span style=\"font-family: verdana, geneva; font-size: small; line-height: 1.3em;\">Comunicaciones Edja\u00a0<\/span><\/strong><\/p>\n<p style=\"text-align: justify;\"><strong><span style=\"font-size: small; line-height: 1.3em; font-family: verdana, geneva;\">Fuente registro televisado: P\u00e1gina web institucional de la Facultad de Educa\u00e7\u00e3o da USP.<\/span><\/strong><\/p>\n<p style=\"text-align: justify;\"><span style=\"color: #333333;\"><span style=\"font-size: 12.1599998474121px; line-height: 1.3em;\">30 de marzo 2015.<\/span><\/span><\/p>\n","protected":false},"excerpt":{"rendered":"<p>La Facultad de Ciencias de la Educaci\u00f3n de la Universidad de Playa Ancha y la Facultad de Educaci\u00f3n de la Universidad de Sao Paulo\u00a0suscribieron recientemente un convenio de cooperaci\u00f3n mutua que abrir\u00e1 oportunidades de intercambio \u00a0a los estudiantes, a los acad\u00e9micos\u00a0\u00a0y perspectivas de realizar de manera conjunta investigaciones y publicaciones.\u00a0 La doctora Violeta Acu\u00f1a Collado, [&hellip;]<\/p>\n","protected":false},"author":1,"featured_media":150,"comment_status":"closed","ping_status":"closed","sticky":false,"template":"","format":"standard","meta":{"_et_pb_use_builder":"","_et_pb_old_content":"","_et_gb_content_width":"","_oasis_is_in_workflow":0,"_oasis_original":0,"footnotes":""},"categories":[45],"tags":[],"class_list":["post-152","post","type-post","status-publish","format-standard","has-post-thumbnail","hentry","category-event"],"_links":{"self":[{"href":"http:\/\/educaciondeadultos.cl\/web\/wp-json\/wp\/v2\/posts\/152","targetHints":{"allow":["GET"]}}],"collection":[{"href":"http:\/\/educaciondeadultos.cl\/web\/wp-json\/wp\/v2\/posts"}],"about":[{"href":"http:\/\/educaciondeadultos.cl\/web\/wp-json\/wp\/v2\/types\/post"}],"author":[{"embeddable":true,"href":"http:\/\/educaciondeadultos.cl\/web\/wp-json\/wp\/v2\/users\/1"}],"replies":[{"embeddable":true,"href":"http:\/\/educaciondeadultos.cl\/web\/wp-json\/wp\/v2\/comments?post=152"}],"version-history":[{"count":0,"href":"http:\/\/educaciondeadultos.cl\/web\/wp-json\/wp\/v2\/posts\/152\/revisions"}],"wp:featuredmedia":[{"embeddable":true,"href":"http:\/\/educaciondeadultos.cl\/web\/wp-json\/wp\/v2\/media\/150"}],"wp:attachment":[{"href":"http:\/\/educaciondeadultos.cl\/web\/wp-json\/wp\/v2\/media?parent=152"}],"wp:term":[{"taxonomy":"category","embeddable":true,"href":"http:\/\/educaciondeadultos.cl\/web\/wp-json\/wp\/v2\/categories?post=152"},{"taxonomy":"post_tag","embeddable":true,"href":"http:\/\/educaciondeadultos.cl\/web\/wp-json\/wp\/v2\/tags?post=152"}],"curies":[{"name":"wp","href":"https:\/\/api.w.org\/{rel}","templated":true}]}}