{"id":149,"date":"2015-03-20T14:50:46","date_gmt":"2015-03-20T17:50:46","guid":{"rendered":"http:\/\/educaciondeadultos.cl\/web\/2015\/03\/20\/partieron-las-clases-del-diplomado-educacion-de-adultos-en-contextos-de-encierro\/"},"modified":"2015-03-20T14:50:46","modified_gmt":"2015-03-20T17:50:46","slug":"partieron-las-clases-del-diplomado-educacion-de-adultos-en-contextos-de-encierro","status":"publish","type":"post","link":"http:\/\/educaciondeadultos.cl\/web\/2015\/03\/20\/partieron-las-clases-del-diplomado-educacion-de-adultos-en-contextos-de-encierro\/","title":{"rendered":"Partieron las clases del Diplomado Educaci\u00f3n de Adultos en Contextos de Encierro"},"content":{"rendered":"<p><img loading=\"lazy\" decoding=\"async\" class=\" size-full wp-image-147\" src=\"http:\/\/educaciondeadultos.cl\/web\/wp-content\/uploads\/2015\/03\/c69e8f1ae422a507cd1a8d70ce0bd45c.jpg\" alt=\"\" width=\"960\" height=\"712\" srcset=\"http:\/\/educaciondeadultos.cl\/web\/wp-content\/uploads\/2015\/03\/c69e8f1ae422a507cd1a8d70ce0bd45c.jpg 960w, http:\/\/educaciondeadultos.cl\/web\/wp-content\/uploads\/2015\/03\/c69e8f1ae422a507cd1a8d70ce0bd45c-300x223.jpg 300w, http:\/\/educaciondeadultos.cl\/web\/wp-content\/uploads\/2015\/03\/c69e8f1ae422a507cd1a8d70ce0bd45c-768x570.jpg 768w\" sizes=\"auto, (max-width: 960px) 100vw, 960px\" \/><\/p>\n<p><span style=\"font-size: 12.1599998474121px; line-height: 1.3em;\"><img loading=\"lazy\" decoding=\"async\" class=\" alignleft size-full wp-image-148\" src=\"http:\/\/educaciondeadultos.cl\/web\/wp-content\/uploads\/2015\/03\/edjacolinatodasfin.jpg\" border=\"0\" alt=\"\" width=\"238\" height=\"472\" style=\"float: left;\" srcset=\"http:\/\/educaciondeadultos.cl\/web\/wp-content\/uploads\/2015\/03\/edjacolinatodasfin.jpg 412w, http:\/\/educaciondeadultos.cl\/web\/wp-content\/uploads\/2015\/03\/edjacolinatodasfin-151x300.jpg 151w\" sizes=\"auto, (max-width: 238px) 100vw, 238px\" \/><\/span><\/p>\n<p><span style=\"font-size: small; line-height: 1.3em; font-family: verdana, geneva; color: #000000;\">\u00a0 \u00a0<\/span><\/p>\n<p><span style=\"color: #000000; font-family: verdana, geneva; font-size: small; line-height: 1.3em;\">\u00a0 \u00a0 Con \u00a0la participaci\u00f3n de 40 personas vinculadas a los\u00a0establecimientos educacionales, <strong>Rebeca Olivares Benitez<\/strong> y <strong>Humberto D\u00edaz\u00a0Casanueva<\/strong>, que imparten en los planteles penitenciarios de Colina 1 y 2, comenzaron &#8211; el 14 de marzo &#8211; \u00a0las clases y las actividades que contempla el \u00a0<\/span><strong style=\"color: #000000; font-family: verdana, geneva; font-size: small; line-height: 1.3em;\">\u00abDiplomado de Educaci\u00f3n de Adultos en Contextos de Encierro\u00bb<\/strong><span style=\"color: #000000; font-family: verdana, geneva; font-size: small; line-height: 1.3em;\">, que realiza en la comuna de Colina el <\/span><strong style=\"color: #000000; font-family: verdana, geneva; font-size: small; line-height: 1.3em;\">Programa Disciplinario de Educaci\u00f3n de J\u00f3venes y Adultos<\/strong><span style=\"color: #000000; font-family: verdana, geneva; font-size: small; line-height: 1.3em;\">, en el marco de un convenio firmado entre la <\/span><strong style=\"color: #000000; font-family: verdana, geneva; font-size: small; line-height: 1.3em;\">Universidad de Playa Ancha<\/strong><span style=\"color: #000000; font-family: verdana, geneva; font-size: small; line-height: 1.3em;\"> y la <\/span><strong style=\"color: #000000; font-family: verdana, geneva; font-size: small; line-height: 1.3em;\">Corporaci\u00f3n Municipal de Desarrollo Social de Colina.<\/strong><\/p>\n<p style=\"text-align: justify;\"><span style=\"font-size: small; line-height: 1.3em; font-family: verdana, geneva; color: #000000;\">\u00a0 Las clases partieron con el m\u00f3dulo <strong>\u201cDise\u00f1os curriculares\u201d<\/strong>, a cargo del acad\u00e9mico, <strong>Carlos Moreno Herrera<\/strong>, \u00a0especialista en curriculum y con gran inter\u00e9s en el desarrollo de la educaci\u00f3n de adultos en contextos de encierro, al igual que el resto del cuerpo docente de este diplomado que se propone fortalecer la pr\u00e1ctica docente orientada a estimular el desarrollo de competencias cognitivas y socio afectivas para la auto realizaci\u00f3n de las personas en contextos socioculturales diversos, especialmente de encierro.<\/span><\/p>\n<p style=\"text-align: justify;\"><span style=\"font-size: small; line-height: 1.3em; font-family: verdana, geneva; color: #000000;\">\u00a0 Otro objetivo de este diplomado es ampliar el conocimiento y las herramientas necesarias para la investigaci\u00f3n y dar curso a \u00a0nuevas metodolog\u00edas y pr\u00e1cticas innovadoras \u00a0en lo concerniente al quehacer pedag\u00f3gico en este contexto.<\/span><\/p>\n<p style=\"text-align: justify;\"><span style=\"font-size: small; line-height: 1.3em; font-family: verdana, geneva; color: #000000;\">\u00a0 <strong>Edja\u00a0<\/strong>desea a todos los estudiantes y al equipo que participa en esta actividad un a\u00f1o fruct\u00edfero, cargado de esperanzas y renovaci\u00f3n de compromisos por la educaci\u00f3n de las personas privadas de libertad y la educaci\u00f3n inclusiva.<\/span><\/p>\n<p><span style=\"color: #000000;\">\u00a0<\/span><span style=\"font-family: verdana, geneva; font-size: small; color: #000000;\"><span style=\"line-height: 1.3em;\">\u00a0Mayores informaciones y posibilidades de suscribir convenios dirigirse a:\u00a0<\/span><strong><a href=\"mailto:upla.adultos@gmail.com\" target=\"_blank\" style=\"font-size: 12.1599998474121px; line-height: 1.3em;\"><span style=\"color: #000000;\">upla.adultos@gmail.com<\/span><\/a><\/strong><\/span><\/p>\n<p><span style=\"font-family: verdana, geneva; font-size: x-small;\">\u00a0<span style=\"color: #000000;\">Comunicaciones &#8211; Edja- 20 de marzo de 2015<\/span><\/span><\/p>\n","protected":false},"excerpt":{"rendered":"<p>\u00a0 \u00a0 \u00a0 \u00a0 Con \u00a0la participaci\u00f3n de 40 personas vinculadas a los\u00a0establecimientos educacionales, Rebeca Olivares Benitez y Humberto D\u00edaz\u00a0Casanueva, que imparten en los planteles penitenciarios de Colina 1 y 2, comenzaron &#8211; el 14 de marzo &#8211; \u00a0las clases y las actividades que contempla el \u00a0\u00abDiplomado de Educaci\u00f3n de Adultos en Contextos de Encierro\u00bb, [&hellip;]<\/p>\n","protected":false},"author":1,"featured_media":147,"comment_status":"closed","ping_status":"closed","sticky":false,"template":"","format":"standard","meta":{"_et_pb_use_builder":"","_et_pb_old_content":"","_et_gb_content_width":"","_oasis_is_in_workflow":0,"_oasis_original":0,"footnotes":""},"categories":[45],"tags":[107],"class_list":["post-149","post","type-post","status-publish","format-standard","has-post-thumbnail","hentry","category-event","tag-docencia"],"_links":{"self":[{"href":"http:\/\/educaciondeadultos.cl\/web\/wp-json\/wp\/v2\/posts\/149","targetHints":{"allow":["GET"]}}],"collection":[{"href":"http:\/\/educaciondeadultos.cl\/web\/wp-json\/wp\/v2\/posts"}],"about":[{"href":"http:\/\/educaciondeadultos.cl\/web\/wp-json\/wp\/v2\/types\/post"}],"author":[{"embeddable":true,"href":"http:\/\/educaciondeadultos.cl\/web\/wp-json\/wp\/v2\/users\/1"}],"replies":[{"embeddable":true,"href":"http:\/\/educaciondeadultos.cl\/web\/wp-json\/wp\/v2\/comments?post=149"}],"version-history":[{"count":0,"href":"http:\/\/educaciondeadultos.cl\/web\/wp-json\/wp\/v2\/posts\/149\/revisions"}],"wp:featuredmedia":[{"embeddable":true,"href":"http:\/\/educaciondeadultos.cl\/web\/wp-json\/wp\/v2\/media\/147"}],"wp:attachment":[{"href":"http:\/\/educaciondeadultos.cl\/web\/wp-json\/wp\/v2\/media?parent=149"}],"wp:term":[{"taxonomy":"category","embeddable":true,"href":"http:\/\/educaciondeadultos.cl\/web\/wp-json\/wp\/v2\/categories?post=149"},{"taxonomy":"post_tag","embeddable":true,"href":"http:\/\/educaciondeadultos.cl\/web\/wp-json\/wp\/v2\/tags?post=149"}],"curies":[{"name":"wp","href":"https:\/\/api.w.org\/{rel}","templated":true}]}}