{"id":144,"date":"2015-01-07T11:13:28","date_gmt":"2015-01-07T14:13:28","guid":{"rendered":"http:\/\/educaciondeadultos.cl\/web\/2015\/01\/07\/30-personas-nivelaron-sus-estudios-basicos-y-medios-en-la-upla\/"},"modified":"2015-01-07T11:13:28","modified_gmt":"2015-01-07T14:13:28","slug":"30-personas-nivelaron-sus-estudios-basicos-y-medios-en-la-upla","status":"publish","type":"post","link":"http:\/\/educaciondeadultos.cl\/web\/2015\/01\/07\/30-personas-nivelaron-sus-estudios-basicos-y-medios-en-la-upla\/","title":{"rendered":"30 personas nivelaron sus estudios b\u00e1sicos y medios en la UPLA"},"content":{"rendered":"<p><img loading=\"lazy\" decoding=\"async\" class=\" size-full wp-image-141\" src=\"http:\/\/educaciondeadultos.cl\/web\/wp-content\/uploads\/2015\/01\/15abde3c81505959f6d2610e3cdfbe51.jpg\" alt=\"\" width=\"640\" height=\"427\" srcset=\"http:\/\/educaciondeadultos.cl\/web\/wp-content\/uploads\/2015\/01\/15abde3c81505959f6d2610e3cdfbe51.jpg 640w, http:\/\/educaciondeadultos.cl\/web\/wp-content\/uploads\/2015\/01\/15abde3c81505959f6d2610e3cdfbe51-300x200.jpg 300w\" sizes=\"auto, (max-width: 640px) 100vw, 640px\" \/><\/p>\n<p style=\"text-align: left;\"><span style=\"line-height: 1.3em;\"><img loading=\"lazy\" decoding=\"async\" class=\" alignright size-full wp-image-142\" src=\"http:\/\/educaciondeadultos.cl\/web\/wp-content\/uploads\/2015\/01\/nivelacionestudiosa.jpg\" border=\"0\" alt=\"\" width=\"640\" height=\"427\" style=\"float: right;\" srcset=\"http:\/\/educaciondeadultos.cl\/web\/wp-content\/uploads\/2015\/01\/nivelacionestudiosa.jpg 640w, http:\/\/educaciondeadultos.cl\/web\/wp-content\/uploads\/2015\/01\/nivelacionestudiosa-300x200.jpg 300w\" sizes=\"auto, (max-width: 640px) 100vw, 640px\" \/>Brindar mejores oportunidades de desarrollo para las personas de la Regi\u00f3n de Valpara\u00edso que no han podido nivelar sus estudios b\u00e1sicos y medios, fue el objetivo del proyecto que ejecut\u00f3 la Facultad de Ciencias de la Educaci\u00f3n de la Universidad de Playa Ancha, a trav\u00e9s del\u00a0<\/span><strong style=\"line-height: 1.3em;\">Programa Disciplinario de Educaci\u00f3n de J\u00f3venes y Adultos<\/strong><span style=\"line-height: 1.3em;\">.<\/span><\/p>\n<p>En diciembre de 2014, una treintena de personas fue certificada por la UPLA tras participar en este programa de modalidad flexible, reconocido por el Ministerio de Educaci\u00f3n y que estuvo dirigido a trabajadores en general, funcionarios p\u00fablicos, due\u00f1as de casa y estudiantes extranjeros.<\/p>\n<p>Las clases se realizaron entre marzo y noviembre de 2014 en modalidad flexible; es decir, los alumnos tuvieron asistencia libre. Sin embargo, debieron aprobar una serie de m\u00f3dulos para el ciclo b\u00e1sico y medio, los que fueron evaluados por una entidad seleccionada por el Mineduc.<\/p>\n<p><a href=\"http:\/\/www.upla.cl\/noticias\/wp-content\/uploads\/2015\/01\/nivelacionestudios_upla2.jpg\" rel=\"lightbox[70594]\"><\/a>\u201cNosotros nos hemos sumado a la tarea de educar y apoyar la nivelaci\u00f3n de estudios b\u00e1sicos y medios en la modalidad flexible, donde la Universidad de Playa Ancha puede participar a trav\u00e9s de este proyecto\u201d, explic\u00f3 la\u00a0<strong>coordinadora del Programa Disciplinario de Educaci\u00f3n de J\u00f3venes y Adultos, Dra. Violeta Acu\u00f1a Collado<\/strong>, unidad que ejecut\u00f3 el programa.<\/p>\n<p><img loading=\"lazy\" decoding=\"async\" class=\" alignright size-full wp-image-143\" src=\"http:\/\/educaciondeadultos.cl\/web\/wp-content\/uploads\/2015\/01\/nivelacionestudios_upla.jpg\" border=\"0\" alt=\"\" style=\"float: right;\" width=\"640\" height=\"427\" srcset=\"http:\/\/educaciondeadultos.cl\/web\/wp-content\/uploads\/2015\/01\/nivelacionestudios_upla.jpg 640w, http:\/\/educaciondeadultos.cl\/web\/wp-content\/uploads\/2015\/01\/nivelacionestudios_upla-300x200.jpg 300w\" sizes=\"auto, (max-width: 640px) 100vw, 640px\" \/>La aseveraci\u00f3n de la acad\u00e9mica UPLA dice relaci\u00f3n con el tercio de chilenos que no tiene sus cursos b\u00e1sicos y medios completos y cuya cobertura anual solo alcanza las 170 mil personas, lo que no permite cubrir la necesidad pa\u00eds en un corto plazo.<\/p>\n<p>\u201cLo m\u00e1s importante, como universidad, es poder establecer un itinerario de formaci\u00f3n coordinado, es decir que si nuestros alumnos terminan la educaci\u00f3n b\u00e1sica y media puedan tener opciones de salida al Instituto Tecnol\u00f3gico, a cursos de capacitaci\u00f3n y por qu\u00e9 no a la universidad\u201d, recalc\u00f3 la Dra. Acu\u00f1a.<\/p>\n<p>Agreg\u00f3 que el objetivo de este programa se centra en visibilizar la educaci\u00f3n de adultos; aprender de las necesidades que ellos tienen y contribuir a la mejora de estrategias de ense\u00f1anza aprendizaje para la poblaci\u00f3n adulta.<\/p>\n<p>\u201cNuestra finalidad es ir mejorando o estableciendo una did\u00e1ctica especial para los alumnos de educaci\u00f3n de adultos y dar oportunidades de desarrollo para que ellos puedan seguir en \u00e9sta o en otras instituciones estudiando porque nuestro programa est\u00e1 por una educaci\u00f3n a lo largo de toda la vida\u201d, enfatiz\u00f3.<\/p>\n<p>El proceso de nivelaci\u00f3n de estudios b\u00e1sicos y medios, modalidad flexible, seguir\u00e1 desarroll\u00e1ndose a partir de marzo de 2015. Las inscripciones se encuentran abiertas, los interesados deben llamar al 32 2500225.<\/p>\n<p>Fuente: Noticias Upla. 6 de enero 2014.<\/p>\n","protected":false},"excerpt":{"rendered":"<p>Brindar mejores oportunidades de desarrollo para las personas de la Regi\u00f3n de Valpara\u00edso que no han podido nivelar sus estudios b\u00e1sicos y medios, fue el objetivo del proyecto que ejecut\u00f3 la Facultad de Ciencias de la Educaci\u00f3n de la Universidad de Playa Ancha, a trav\u00e9s del\u00a0Programa Disciplinario de Educaci\u00f3n de J\u00f3venes y Adultos. En diciembre [&hellip;]<\/p>\n","protected":false},"author":1,"featured_media":141,"comment_status":"closed","ping_status":"closed","sticky":false,"template":"","format":"standard","meta":{"_et_pb_use_builder":"","_et_pb_old_content":"","_et_gb_content_width":"","_oasis_is_in_workflow":0,"_oasis_original":0,"footnotes":""},"categories":[45],"tags":[107],"class_list":["post-144","post","type-post","status-publish","format-standard","has-post-thumbnail","hentry","category-event","tag-docencia"],"_links":{"self":[{"href":"http:\/\/educaciondeadultos.cl\/web\/wp-json\/wp\/v2\/posts\/144","targetHints":{"allow":["GET"]}}],"collection":[{"href":"http:\/\/educaciondeadultos.cl\/web\/wp-json\/wp\/v2\/posts"}],"about":[{"href":"http:\/\/educaciondeadultos.cl\/web\/wp-json\/wp\/v2\/types\/post"}],"author":[{"embeddable":true,"href":"http:\/\/educaciondeadultos.cl\/web\/wp-json\/wp\/v2\/users\/1"}],"replies":[{"embeddable":true,"href":"http:\/\/educaciondeadultos.cl\/web\/wp-json\/wp\/v2\/comments?post=144"}],"version-history":[{"count":0,"href":"http:\/\/educaciondeadultos.cl\/web\/wp-json\/wp\/v2\/posts\/144\/revisions"}],"wp:featuredmedia":[{"embeddable":true,"href":"http:\/\/educaciondeadultos.cl\/web\/wp-json\/wp\/v2\/media\/141"}],"wp:attachment":[{"href":"http:\/\/educaciondeadultos.cl\/web\/wp-json\/wp\/v2\/media?parent=144"}],"wp:term":[{"taxonomy":"category","embeddable":true,"href":"http:\/\/educaciondeadultos.cl\/web\/wp-json\/wp\/v2\/categories?post=144"},{"taxonomy":"post_tag","embeddable":true,"href":"http:\/\/educaciondeadultos.cl\/web\/wp-json\/wp\/v2\/tags?post=144"}],"curies":[{"name":"wp","href":"https:\/\/api.w.org\/{rel}","templated":true}]}}