{"id":140,"date":"2014-12-29T15:05:59","date_gmt":"2014-12-29T18:05:59","guid":{"rendered":"http:\/\/educaciondeadultos.cl\/web\/2014\/12\/29\/la-unesco-presenta-tres-publicaciones-de-la-estrategia-regional-sobre-docentes\/"},"modified":"2014-12-29T15:05:59","modified_gmt":"2014-12-29T18:05:59","slug":"la-unesco-presenta-tres-publicaciones-de-la-estrategia-regional-sobre-docentes","status":"publish","type":"post","link":"http:\/\/educaciondeadultos.cl\/web\/2014\/12\/29\/la-unesco-presenta-tres-publicaciones-de-la-estrategia-regional-sobre-docentes\/","title":{"rendered":"La UNESCO presenta tres publicaciones de la Estrategia Regional sobre Docentes"},"content":{"rendered":"<p><img loading=\"lazy\" decoding=\"async\" class=\" size-full wp-image-138\" src=\"http:\/\/educaciondeadultos.cl\/web\/wp-content\/uploads\/2014\/12\/16fd96deba85a06311383433f152ed24.jpg\" alt=\"\" width=\"500\" height=\"365\" srcset=\"http:\/\/educaciondeadultos.cl\/web\/wp-content\/uploads\/2014\/12\/16fd96deba85a06311383433f152ed24.jpg 500w, http:\/\/educaciondeadultos.cl\/web\/wp-content\/uploads\/2014\/12\/16fd96deba85a06311383433f152ed24-300x219.jpg 300w\" sizes=\"auto, (max-width: 500px) 100vw, 500px\" \/><\/p>\n<div class=\"content_intro\">\n<p><span style=\"font-family: verdana, geneva; font-size: small;\"><img loading=\"lazy\" decoding=\"async\" class=\" alignright size-full wp-image-139\" src=\"http:\/\/educaciondeadultos.cl\/web\/wp-content\/uploads\/2014\/12\/librosunesco.jpg\" border=\"0\" alt=\"\" width=\"502\" height=\"366\" style=\"float: right;\" srcset=\"http:\/\/educaciondeadultos.cl\/web\/wp-content\/uploads\/2014\/12\/librosunesco.jpg 500w, http:\/\/educaciondeadultos.cl\/web\/wp-content\/uploads\/2014\/12\/librosunesco-300x219.jpg 300w\" sizes=\"auto, (max-width: 502px) 100vw, 502px\" \/>Tres publicaciones que reflejan m\u00e1s de tres a\u00f1os de trabajo de la Estrategia Regional sobre Docentes fueron lanzadas a fines de 2014. La iniciativa es liderada por la Oficina Regional de Educaci\u00f3n de la UNESCO para Am\u00e9rica Latina y el Caribe (OREALC\/UNESCO Santiago) y su Secretar\u00eda T\u00e9cnica se encuentra en el Centro de Estudios de Pol\u00edticas y Pr\u00e1cticas en Educaci\u00f3n (CEPPE).<\/span><\/p>\n<p><span style=\"font-family: verdana, geneva; font-size: small;\">Los documentos forman parte de un trabajo sistem\u00e1tico que ha desarrollado la UNESCO, el CEPPE y la red de expertos regionales que la Estrategia ha establecido. <\/span><\/p>\n<p><span style=\"font-family: verdana, geneva; font-size: small;\">Las publicaciones han contado con aportes de diversos actores tales como representantes de Ministerios de Educaci\u00f3n, de universidades e instituciones formadoras de maestros, de gremios y sindicatos docentes, de la sociedad civil, entre otros. Se trata de la producci\u00f3n y socializaci\u00f3n de conocimiento basado en la revisi\u00f3n de la evidencia internacional comparada as\u00ed como en la experiencia protagonizada por actores relevantes del \u00e1mbito docente. Su objetivo es contribuir a la elaboraci\u00f3n de pol\u00edticas sobre la profesi\u00f3n en los pa\u00edses de Am\u00e9rica Latina y el Caribe.<\/span><\/p>\n<p><span style=\"font-family: verdana, geneva; font-size: small;\">La OREALC\/UNESCO Santiago espera que los documentos difundidos contribuyan a un debate informado sobre el fortalecimiento de la profesi\u00f3n docente en la regi\u00f3n, en el marco de los esfuerzos de los pa\u00edses por mejorar la calidad\u00a0 y equidad de sus sistemas educativos.<\/span><\/p>\n<p><strong style=\"line-height: 1.3em;\"><span style=\"line-height: 1.3em;\">Link para bajar las publicaciones:<\/span><\/strong><\/p>\n<div><a href=\"http:\/\/www.unesco.org\/new\/es\/santiago\/resources\/single-publication\/news\/antecedentes_y_criterios_para_elaboracion_de_politicas_docentes_en_america_latina_y_el_caribe\/#.VJrT7P_C3A\" target=\"_top\" style=\"line-height: 1.3em;\"><strong>Antecedentes y criterios para la elaboraci\u00f3n de Pol\u00edticas Docentes en Am\u00e9rica Latina y el Caribe<\/strong><\/a><\/div>\n<p class=\"bodytext\">Estado del Arte realizado en la primera fase de esta Estrategia (2011 y 2012) sobre pol\u00edticas docentes en la regi\u00f3n junto a criterios y orientaciones para su construcci\u00f3n considerando las siguientes dimensiones: formaci\u00f3n inicial, formaci\u00f3n continua, carrera docente e instituciones y procesos de las pol\u00edticas docentes.<a href=\"http:\/\/unesdoc.unesco.org\/images\/0022\/002232\/223249S.pdf\" target=\"_blank\"><\/a><\/p>\n<p class=\"bodytext\"><strong><a href=\"http:\/\/www.unesco.org\/new\/es\/santiago\/resources\/single-publication\/news\/catastro_de_experiencias_relevantes_de_politicas_docentes_en_america_latina_y_el_caribe-1\/#.VJrS5P_C3A\" target=\"_top\">Catastro de experiencias relevantes de pol\u00edticas docentes en Am\u00e9rica Latina y el Caribe\u00a0<\/a><br \/><\/strong>En su segunda fase (2012-2013), la Estrategia Regional sobre Docentes se propuso contribuir a la difusi\u00f3n y conocimiento de experiencias significativas y exitosas de pol\u00edticas docentes desarrolladas en distintos pa\u00edses de la regi\u00f3n, que permitieran incorporar nuevas perspectivas provenientes de la pr\u00e1ctica. Para el cumplimiento de este objetivo este catastro constituye una importante herramienta.\u00a0<\/p>\n<p class=\"bodytext\"><a href=\"http:\/\/www.unesco.org\/new\/es\/santiago\/resources\/single-publication\/news\/temas_criticos_para_formular_nuevas_politicas_docentes_en_america_latina_y_el_caribe_el_debate_actual\/#.VJrS4f_C3A\" target=\"_top\"><strong>Temas cr\u00edticos para formular nuevas pol\u00edticas docentes en Am\u00e9rica Latina y el Caribe: el debate actual<\/strong><\/a><br \/>Esta tercera publicaci\u00f3n considera la profundizaci\u00f3n de temas espec\u00edficos relevantes en cuanto a formaci\u00f3n inicial; formaci\u00f3n continua y desarrollo profesional; carrera docente y condiciones de trabajo; e instituciones y procesos de las pol\u00edticas docentes.<\/p>\n<p class=\"bodytext\"><span style=\"line-height: 1.3em;\">Fuente de informaci\u00f3n: Unesco en Santiago. 24\/12\/2014<\/span><span style=\"font-family: Arial, Helvetica, sans-serif; font-size: 1em; font-weight: bold; line-height: 1.3em;\">\u00a0<\/span><\/p>\n<\/p><\/div>\n","protected":false},"excerpt":{"rendered":"<p>Tres publicaciones que reflejan m\u00e1s de tres a\u00f1os de trabajo de la Estrategia Regional sobre Docentes fueron lanzadas a fines de 2014. La iniciativa es liderada por la Oficina Regional de Educaci\u00f3n de la UNESCO para Am\u00e9rica Latina y el Caribe (OREALC\/UNESCO Santiago) y su Secretar\u00eda T\u00e9cnica se encuentra en el Centro de Estudios de [&hellip;]<\/p>\n","protected":false},"author":1,"featured_media":138,"comment_status":"closed","ping_status":"closed","sticky":false,"template":"","format":"standard","meta":{"_et_pb_use_builder":"","_et_pb_old_content":"","_et_gb_content_width":"","_oasis_is_in_workflow":0,"_oasis_original":0,"footnotes":""},"categories":[45],"tags":[],"class_list":["post-140","post","type-post","status-publish","format-standard","has-post-thumbnail","hentry","category-event"],"_links":{"self":[{"href":"http:\/\/educaciondeadultos.cl\/web\/wp-json\/wp\/v2\/posts\/140","targetHints":{"allow":["GET"]}}],"collection":[{"href":"http:\/\/educaciondeadultos.cl\/web\/wp-json\/wp\/v2\/posts"}],"about":[{"href":"http:\/\/educaciondeadultos.cl\/web\/wp-json\/wp\/v2\/types\/post"}],"author":[{"embeddable":true,"href":"http:\/\/educaciondeadultos.cl\/web\/wp-json\/wp\/v2\/users\/1"}],"replies":[{"embeddable":true,"href":"http:\/\/educaciondeadultos.cl\/web\/wp-json\/wp\/v2\/comments?post=140"}],"version-history":[{"count":0,"href":"http:\/\/educaciondeadultos.cl\/web\/wp-json\/wp\/v2\/posts\/140\/revisions"}],"wp:featuredmedia":[{"embeddable":true,"href":"http:\/\/educaciondeadultos.cl\/web\/wp-json\/wp\/v2\/media\/138"}],"wp:attachment":[{"href":"http:\/\/educaciondeadultos.cl\/web\/wp-json\/wp\/v2\/media?parent=140"}],"wp:term":[{"taxonomy":"category","embeddable":true,"href":"http:\/\/educaciondeadultos.cl\/web\/wp-json\/wp\/v2\/categories?post=140"},{"taxonomy":"post_tag","embeddable":true,"href":"http:\/\/educaciondeadultos.cl\/web\/wp-json\/wp\/v2\/tags?post=140"}],"curies":[{"name":"wp","href":"https:\/\/api.w.org\/{rel}","templated":true}]}}