{"id":137,"date":"2014-12-16T22:35:19","date_gmt":"2014-12-17T01:35:19","guid":{"rendered":"http:\/\/educaciondeadultos.cl\/web\/2014\/12\/16\/crefal-fortalece-su-colaboracion-con-chile\/"},"modified":"2014-12-16T22:35:19","modified_gmt":"2014-12-17T01:35:19","slug":"crefal-fortalece-su-colaboracion-con-chile","status":"publish","type":"post","link":"http:\/\/educaciondeadultos.cl\/web\/2014\/12\/16\/crefal-fortalece-su-colaboracion-con-chile\/","title":{"rendered":"CREFAL fortalece su colaboraci\u00f3n con Chile"},"content":{"rendered":"<p><img loading=\"lazy\" decoding=\"async\" class=\" size-full wp-image-134\" src=\"http:\/\/educaciondeadultos.cl\/web\/wp-content\/uploads\/2014\/12\/3d9a979b1c7ae6adda1ab5edd6c87151.jpg\" alt=\"\" width=\"720\" height=\"456\" srcset=\"http:\/\/educaciondeadultos.cl\/web\/wp-content\/uploads\/2014\/12\/3d9a979b1c7ae6adda1ab5edd6c87151.jpg 720w, http:\/\/educaciondeadultos.cl\/web\/wp-content\/uploads\/2014\/12\/3d9a979b1c7ae6adda1ab5edd6c87151-300x190.jpg 300w\" sizes=\"auto, (max-width: 720px) 100vw, 720px\" \/><\/p>\n<p style=\"text-align: justify;\"><span style=\"line-height: 1.3em;\">En el marco del convenio que se tiene entre la Universidad de Playa Ancha (UPLA) en Chile y el Centro de Cooperaci\u00f3n Regional para la Educaci\u00f3n de Adultos en Am\u00e9rica Latina y el Caribe (CREFAL), se realiz\u00f3 el pasado 13 de noviembre el Seminario Internacional \u201cLos desaf\u00edos de la formaci\u00f3n de educadores de adultos para responder a los requerimientos de sociedades que demandan educaci\u00f3n durante toda la vida\u201d, donde el ministerio de Educaci\u00f3n de Chile anunci\u00f3 que 26 de 40 centros integrales de educaci\u00f3n de adultos se convertir\u00edan en Centros de Educaci\u00f3n Permanente para Adultos, abiertos a la comunidad y dotados de todos los recursos de aprendizaje necesarios.<\/span><\/p>\n<p><span style=\"line-height: 1.3em;\"><img loading=\"lazy\" decoding=\"async\" class=\" alignright size-full wp-image-135\" src=\"http:\/\/educaciondeadultos.cl\/web\/wp-content\/uploads\/2014\/12\/crefal.jpg\" border=\"0\" alt=\"\" style=\"float: right;\" width=\"720\" height=\"456\" srcset=\"http:\/\/educaciondeadultos.cl\/web\/wp-content\/uploads\/2014\/12\/crefal.jpg 720w, http:\/\/educaciondeadultos.cl\/web\/wp-content\/uploads\/2014\/12\/crefal-300x190.jpg 300w\" sizes=\"auto, (max-width: 720px) 100vw, 720px\" \/><\/span><\/p>\n<p>El Seminario cont\u00f3 con la participaci\u00f3n del Dr. Patricio Sanhueza, Rector de la Universidad de Playa Ancha, quien inaugur\u00f3 el evento, y const\u00f3 de varios p\u00e1neles de especialistas y conferencias magistrales, donde particip\u00f3 la Dra. Mar\u00eda Isabel Infante, Directora de Educaci\u00f3n de J\u00f3venes y Adultos del Ministerio de Educaci\u00f3n de Chile, as\u00ed como diversos especialistas del CREFAL, entre los cuales se encuentran el Dr. Carlos Calvo, el Dr. Felipe Hevia y el Dr. Emilio Coral, Director de Cooperaci\u00f3n y Relaciones Interinstitucionales de la instituci\u00f3n. Por parte de la Universidad de Playa Ancha, cabe destacar la participaci\u00f3n de la Dra. Violeta Acu\u00f1a, y por parte de la Universidad de la Frontera, el Dr. Guillermo Williamson.<\/p>\n<p>Cabe destacar que durante el Seminario se entreg\u00f3 al CREFAL el premio Paulo Freire, importante distinci\u00f3n en reconocimiento a su destacada labor y trayectoria en materia de educaci\u00f3n de adultos.<\/p>\n<p><img loading=\"lazy\" decoding=\"async\" class=\" alignright size-full wp-image-136\" src=\"http:\/\/educaciondeadultos.cl\/web\/wp-content\/uploads\/2014\/12\/crefal2.jpg\" border=\"0\" alt=\"\" style=\"float: right;\" width=\"720\" height=\"540\" srcset=\"http:\/\/educaciondeadultos.cl\/web\/wp-content\/uploads\/2014\/12\/crefal2.jpg 720w, http:\/\/educaciondeadultos.cl\/web\/wp-content\/uploads\/2014\/12\/crefal2-300x225.jpg 300w\" sizes=\"auto, (max-width: 720px) 100vw, 720px\" \/><\/p>\n<p>Como parte de las jornadas de trabajo en Chile, el CREFAL brind\u00f3 su asesor\u00eda, mediante conferencias diversas y talleres, como parte del convenio de desempe\u00f1o entre la Universidad de Playa Ancha y el Ministerio de Educaci\u00f3n de Chile, para impulsar la vinculaci\u00f3n entre la escuela, la familia y la comunidad. La jornada de actividades realizadas a lo largo de varios d\u00edas de intenso trabajo, que incluy\u00f3 la visita a varias escuelas de educaci\u00f3n b\u00e1sica de la regi\u00f3n de Valpara\u00edso, concluy\u00f3 exitosamente, con el reconocimiento de las autoridades de la Universidad de Playa Ancha a la labor y aportaciones realizadas por el CREFAL en materia de mejora del logro educativo, mediante una mayor participaci\u00f3n social en la educaci\u00f3n.<\/p>\n<p>Fuente: Web CREFAL<\/p>\n<p>16 de diciembre 2014.<\/p>\n","protected":false},"excerpt":{"rendered":"<p>En el marco del convenio que se tiene entre la Universidad de Playa Ancha (UPLA) en Chile y el Centro de Cooperaci\u00f3n Regional para la Educaci\u00f3n de Adultos en Am\u00e9rica Latina y el Caribe (CREFAL), se realiz\u00f3 el pasado 13 de noviembre el Seminario Internacional \u201cLos desaf\u00edos de la formaci\u00f3n de educadores de adultos para [&hellip;]<\/p>\n","protected":false},"author":1,"featured_media":134,"comment_status":"closed","ping_status":"closed","sticky":false,"template":"","format":"standard","meta":{"_et_pb_use_builder":"","_et_pb_old_content":"","_et_gb_content_width":"","_oasis_is_in_workflow":0,"_oasis_original":0,"footnotes":""},"categories":[45],"tags":[],"class_list":["post-137","post","type-post","status-publish","format-standard","has-post-thumbnail","hentry","category-event"],"_links":{"self":[{"href":"http:\/\/educaciondeadultos.cl\/web\/wp-json\/wp\/v2\/posts\/137","targetHints":{"allow":["GET"]}}],"collection":[{"href":"http:\/\/educaciondeadultos.cl\/web\/wp-json\/wp\/v2\/posts"}],"about":[{"href":"http:\/\/educaciondeadultos.cl\/web\/wp-json\/wp\/v2\/types\/post"}],"author":[{"embeddable":true,"href":"http:\/\/educaciondeadultos.cl\/web\/wp-json\/wp\/v2\/users\/1"}],"replies":[{"embeddable":true,"href":"http:\/\/educaciondeadultos.cl\/web\/wp-json\/wp\/v2\/comments?post=137"}],"version-history":[{"count":0,"href":"http:\/\/educaciondeadultos.cl\/web\/wp-json\/wp\/v2\/posts\/137\/revisions"}],"wp:featuredmedia":[{"embeddable":true,"href":"http:\/\/educaciondeadultos.cl\/web\/wp-json\/wp\/v2\/media\/134"}],"wp:attachment":[{"href":"http:\/\/educaciondeadultos.cl\/web\/wp-json\/wp\/v2\/media?parent=137"}],"wp:term":[{"taxonomy":"category","embeddable":true,"href":"http:\/\/educaciondeadultos.cl\/web\/wp-json\/wp\/v2\/categories?post=137"},{"taxonomy":"post_tag","embeddable":true,"href":"http:\/\/educaciondeadultos.cl\/web\/wp-json\/wp\/v2\/tags?post=137"}],"curies":[{"name":"wp","href":"https:\/\/api.w.org\/{rel}","templated":true}]}}