{"id":128,"date":"2014-12-02T22:06:32","date_gmt":"2014-12-03T01:06:32","guid":{"rendered":"http:\/\/educaciondeadultos.cl\/web\/2014\/12\/02\/escuela-de-verano-2015-upla-nuevamente-recibe-a-cientos-de-vecinos\/"},"modified":"2014-12-02T22:06:32","modified_gmt":"2014-12-03T01:06:32","slug":"escuela-de-verano-2015-upla-nuevamente-recibe-a-cientos-de-vecinos","status":"publish","type":"post","link":"http:\/\/educaciondeadultos.cl\/web\/2014\/12\/02\/escuela-de-verano-2015-upla-nuevamente-recibe-a-cientos-de-vecinos\/","title":{"rendered":"Escuela de Verano 2015: UPLA recibe a cientos de vecinos"},"content":{"rendered":"<p><img loading=\"lazy\" decoding=\"async\" class=\" size-full wp-image-126\" src=\"http:\/\/educaciondeadultos.cl\/web\/wp-content\/uploads\/2014\/12\/cdbf366d9f51982d2973fefc5c0ec9b1.jpg\" alt=\"\" width=\"448\" height=\"279\" srcset=\"http:\/\/educaciondeadultos.cl\/web\/wp-content\/uploads\/2014\/12\/cdbf366d9f51982d2973fefc5c0ec9b1.jpg 448w, http:\/\/educaciondeadultos.cl\/web\/wp-content\/uploads\/2014\/12\/cdbf366d9f51982d2973fefc5c0ec9b1-300x187.jpg 300w\" sizes=\"auto, (max-width: 448px) 100vw, 448px\" \/><\/p>\n<p class=\"name post-title entry-title\" style=\"text-align: left;\"><span style=\"font-family: verdana, geneva; font-size: small;\"><span style=\"color: #333333; line-height: 1.3em;\"><a href=\"http:\/\/www.upla.cl\/noticias\/2014\/11\/26\/escuela-de-verano-2015-upla-nuevamente-recibe-a-cientos-de-vecinos\/\"><img loading=\"lazy\" decoding=\"async\" class=\" alignright size-full wp-image-127\" src=\"http:\/\/educaciondeadultos.cl\/web\/wp-content\/uploads\/2014\/12\/afiche_Escuela-de-Verano-2015.jpg\" border=\"0\" alt=\"\" width=\"450\" height=\"643\" style=\"float: right;\" srcset=\"http:\/\/educaciondeadultos.cl\/web\/wp-content\/uploads\/2014\/12\/afiche_Escuela-de-Verano-2015.jpg 448w, http:\/\/educaciondeadultos.cl\/web\/wp-content\/uploads\/2014\/12\/afiche_Escuela-de-Verano-2015-210x300.jpg 210w\" sizes=\"auto, (max-width: 450px) 100vw, 450px\" \/><\/a>Con una convocatoria de 36 cursos completamente gratuitos, el lunes 12 de enero se dar\u00e1 inicio a una nueva versi\u00f3n de la\u00a0<\/span><strong style=\"color: #333333; font-family: Tahoma, Helvetica, Arial, sans-serif; font-size: 12px; line-height: 1.3em;\">Escuela de Verano UPLA 2015 \u201cJuntos\u00a0<\/strong><strong style=\"color: #333333; font-family: Tahoma, Helvetica, Arial, sans-serif; font-size: 12px; line-height: 1.3em;\">somos una mejor comunidad\u201d<\/strong><span style=\"color: #333333; line-height: 1.3em;\">, organizada por la Direcci\u00f3n General de Vinculaci\u00f3n con el Medio de la Universidad de Playa Ancha.<\/span><\/span><\/p>\n<div class=\"entry\">\n<p style=\"text-align: left;\">Los cursos dictados por acad\u00e9micos y profesionales de la UPLA, han sido divididos en cuatro \u00e1reas tem\u00e1ticas correspondientes a: I Promoci\u00f3n de calidad de vida y salud, II Derechos culturales y promoci\u00f3n del arte, III Educaci\u00f3n, desarrollo y equidad y IV Desarrollo sustentable y medio ambiente.<\/p>\n<p style=\"text-align: left;\"><strong>Boris Gonz\u00e1lez L\u00f3pez, director general de Vinculaci\u00f3n con el Medio UPLA<\/strong>, manifest\u00f3 que esta iniciativa \u201cnos sit\u00faa en la vanguardia de experiencias que revaloran el v\u00ednculo entre la educaci\u00f3n superior p\u00fablica y la comunidad. En los \u00faltimos dos a\u00f1os la Escuela de Verano se ha posicionado como espacio central en la regi\u00f3n, con m\u00e1s de 1.500 personas de distintas edades y sectores participando activamente. Ello, gracias al compromiso de nuestros acad\u00e9micos y profesionales, que comparten generosamente con nosotros, el sentido, pr\u00e1ctica y proyecci\u00f3n de la universidad p\u00fablica y estatal que Chile exige. Seremos nuevamente y durante una semana la casa formativa y recreativa de muchos\u201d.<\/p>\n<p style=\"text-align: left;\">El objetivo principal de la escuela radica en convocar a los ciudadanos de la Regi\u00f3n de Valpara\u00edso a una actividad acad\u00e9mica y a la vez l\u00fadica donde se podr\u00e1n vivenciar experiencias culturales, sociales y educativas con la idea de potenciar los talentos propios y habilidades de cada asistente, o bien, reforzar aquellas \u00e1reas de inter\u00e9s que conlleva la educaci\u00f3n continua, todo ello en el marco de nuestro aporte institucional al desarrollo humano y la promoci\u00f3n de la calidad de vida.<\/p>\n<p style=\"text-align: left;\">Te invitamos a inscribirte v\u00eda online, en alguno de los 36 cursos propuestos, hasta el mi\u00e9rcoles 24 de diciembre, fecha en que vence el plazo de inscripciones. M\u00e1s informaciones al tel\u00e9fono (32) 2 205\u00a0397.<\/p>\n<p>Antes de realizar tu inscripci\u00f3n considera lo siguiente:<\/p>\n<ul>\n<li>Los interesados podr\u00e1n inscribirse en m\u00e1s de un curso siempre y cuando no exista un choque en los horarios.\u00a0<\/li>\n<li>Algunos cursos necesitar\u00e1n de la compra de materiales los que ser\u00e1n informados oportunamente v\u00eda e-mail a los inscritos.<\/li>\n<li>Los cursos funcionar\u00e1n con un m\u00e1ximo de asistentes, por ende, la ausencia al curso inscrito dar\u00e1 paso autom\u00e1ticamente a aquellas personas que se encuentren en lista de espera.<\/li>\n<li>Los inscritos ser\u00e1n informados v\u00eda e-mail sobre la sala, lugar y horario en que deber\u00e1n presentarse.<\/li>\n<li>La Direcci\u00f3n General de Vinculaci\u00f3n con el Medio se reserva el derecho de suspensi\u00f3n de alguno de los cursos por razones de fuerza mayor.<\/li>\n<\/ul>\n<p><span style=\"line-height: 1.3em;\"><strong>M\u00e1s informaciones e inscripciones on line<\/strong>\u00a0<\/span><strong><a href=\"http:\/\/www.upla.cl\/noticias\/2014\/11\/26\/escuela-de-verano-2015-upla-nuevamente-recibe-a-cientos-de-vecinos\/\" style=\"line-height: 1.3em;\">ver aqu<\/a><span style=\"line-height: 1.3em;\">\u00ed<\/span><span style=\"line-height: 1.3em;\">.<\/span><\/strong> <\/p>\n<p>Fuente: UPLA Noticias.\u00a0<\/p>\n<\/p><\/div>\n","protected":false},"excerpt":{"rendered":"<p>Con una convocatoria de 36 cursos completamente gratuitos, el lunes 12 de enero se dar\u00e1 inicio a una nueva versi\u00f3n de la\u00a0Escuela de Verano UPLA 2015 \u201cJuntos\u00a0somos una mejor comunidad\u201d, organizada por la Direcci\u00f3n General de Vinculaci\u00f3n con el Medio de la Universidad de Playa Ancha. Los cursos dictados por acad\u00e9micos y profesionales de la [&hellip;]<\/p>\n","protected":false},"author":1,"featured_media":126,"comment_status":"closed","ping_status":"closed","sticky":false,"template":"","format":"standard","meta":{"_et_pb_use_builder":"","_et_pb_old_content":"","_et_gb_content_width":"","_oasis_is_in_workflow":0,"_oasis_original":0,"footnotes":""},"categories":[45],"tags":[],"class_list":["post-128","post","type-post","status-publish","format-standard","has-post-thumbnail","hentry","category-event"],"_links":{"self":[{"href":"http:\/\/educaciondeadultos.cl\/web\/wp-json\/wp\/v2\/posts\/128","targetHints":{"allow":["GET"]}}],"collection":[{"href":"http:\/\/educaciondeadultos.cl\/web\/wp-json\/wp\/v2\/posts"}],"about":[{"href":"http:\/\/educaciondeadultos.cl\/web\/wp-json\/wp\/v2\/types\/post"}],"author":[{"embeddable":true,"href":"http:\/\/educaciondeadultos.cl\/web\/wp-json\/wp\/v2\/users\/1"}],"replies":[{"embeddable":true,"href":"http:\/\/educaciondeadultos.cl\/web\/wp-json\/wp\/v2\/comments?post=128"}],"version-history":[{"count":0,"href":"http:\/\/educaciondeadultos.cl\/web\/wp-json\/wp\/v2\/posts\/128\/revisions"}],"wp:featuredmedia":[{"embeddable":true,"href":"http:\/\/educaciondeadultos.cl\/web\/wp-json\/wp\/v2\/media\/126"}],"wp:attachment":[{"href":"http:\/\/educaciondeadultos.cl\/web\/wp-json\/wp\/v2\/media?parent=128"}],"wp:term":[{"taxonomy":"category","embeddable":true,"href":"http:\/\/educaciondeadultos.cl\/web\/wp-json\/wp\/v2\/categories?post=128"},{"taxonomy":"post_tag","embeddable":true,"href":"http:\/\/educaciondeadultos.cl\/web\/wp-json\/wp\/v2\/tags?post=128"}],"curies":[{"name":"wp","href":"https:\/\/api.w.org\/{rel}","templated":true}]}}