{"id":125,"date":"2014-12-02T21:58:34","date_gmt":"2014-12-03T00:58:34","guid":{"rendered":"http:\/\/educaciondeadultos.cl\/web\/2014\/12\/02\/tercer-congreso-de-redes-pedagogicas-y-segunda-jornada-de-microcentros-de-educacion-para-personas-jovenes-y-adultas\/"},"modified":"2014-12-02T21:58:34","modified_gmt":"2014-12-03T00:58:34","slug":"tercer-congreso-de-redes-pedagogicas-y-segunda-jornada-de-microcentros-de-educacion-para-personas-jovenes-y-adultas","status":"publish","type":"post","link":"http:\/\/educaciondeadultos.cl\/web\/2014\/12\/02\/tercer-congreso-de-redes-pedagogicas-y-segunda-jornada-de-microcentros-de-educacion-para-personas-jovenes-y-adultas\/","title":{"rendered":"Tercer Congreso de Redes Pedag\u00f3gicas y Segunda Jornada de Microcentros de Educaci\u00f3n para personas j\u00f3venes y adultas"},"content":{"rendered":"<p><img loading=\"lazy\" decoding=\"async\" class=\" size-full wp-image-123\" src=\"http:\/\/educaciondeadultos.cl\/web\/wp-content\/uploads\/2014\/12\/b208182456855b5680dad1bcd630c63f.jpg\" alt=\"\" width=\"650\" height=\"354\" srcset=\"http:\/\/educaciondeadultos.cl\/web\/wp-content\/uploads\/2014\/12\/b208182456855b5680dad1bcd630c63f.jpg 650w, http:\/\/educaciondeadultos.cl\/web\/wp-content\/uploads\/2014\/12\/b208182456855b5680dad1bcd630c63f-300x163.jpg 300w\" sizes=\"auto, (max-width: 650px) 100vw, 650px\" \/><\/p>\n<div style=\"text-align: left;\" align=\"justify\"><img loading=\"lazy\" decoding=\"async\" class=\" alignright size-full wp-image-124\" src=\"http:\/\/educaciondeadultos.cl\/web\/wp-content\/uploads\/2014\/12\/redes.jpg\" border=\"0\" alt=\"\" style=\"float: right;\" width=\"650\" height=\"354\" srcset=\"http:\/\/educaciondeadultos.cl\/web\/wp-content\/uploads\/2014\/12\/redes.jpg 650w, http:\/\/educaciondeadultos.cl\/web\/wp-content\/uploads\/2014\/12\/redes-300x163.jpg 300w\" sizes=\"auto, (max-width: 650px) 100vw, 650px\" \/>Entre los d\u00edas 3 y 5 de diciembre pr\u00f3ximo, se realizar\u00e1 el\u00a0<strong>Tercer\u00a0<\/strong><strong>Congreso Nacional de Redes Pedag\u00f3gicas de directivos y docentes de Educaci\u00f3n de Personas J\u00f3venes y Adultas y la Segunda Jornada Nacional de Microcentros<\/strong>\u00a0que agrupan establecimientos educacionales en contextos de encierro.<\/div>\n<div style=\"text-align: left;\" align=\"justify\">\u00a0<\/div>\n<div style=\"text-align: left;\" align=\"justify\">Ambos encuentros tienen\u00a0como prop\u00f3sito difundir y reflexionar sobre las pr\u00e1cticas e\u00a0innovaciones pedag\u00f3gicas y curriculares desarrolladas por los profesionales que componen\u00a0las redes y microcentros del pa\u00eds. Adem\u00e1s, ser\u00e1 una instancia\u00a0en la cual se aborden contenidos vinculados a \u00a0la Educaci\u00f3n de Personas J\u00f3venes y Adultas (EPJA) y sus perspectivas en el marco de la actual Reforma Educativa.<\/div>\n<div style=\"text-align: left;\" align=\"justify\">\u00a0<\/div>\n<div style=\"text-align: left;\" align=\"justify\">La convocatoria a este encuentro esta dirigida a los\u00a0representantes de las\u00a0redes pedag\u00f3gicas y a los coordinadores de microcentros, de cada regi\u00f3n del pa\u00eds. Tambi\u00e9n est\u00e1n \u00a0invitados los Coordinadores Regionales de Educaci\u00f3n de Personas J\u00f3venes y Adultas.<\/div>\n<div align=\"justify\">\u00a0<\/div>\n<div style=\"text-align: center;\" align=\"justify\"><span style=\"line-height: 1.3em;\">\u00a0<\/span><\/div>\n<table style=\"margin-left: auto; margin-right: auto;\" border=\"1\" cellspacing=\"0\" cellpadding=\"0\">\n<tbody>\n<tr>\n<td valign=\"top\" width=\"248\">\n<div>\u00a0<\/div>\n<div align=\"justify\">INFORMACI\u00d3N GENERAL<\/div>\n<div align=\"justify\"><strong>\u00a0<\/strong><\/div>\n<div align=\"justify\"><strong>Fecha a realizarse:<\/strong><\/div>\n<div align=\"justify\">3 al 5 de diciembre 2014<\/div>\n<div align=\"justify\"><strong>\u00a0<\/strong><\/div>\n<div align=\"justify\"><strong>Lugar:<\/strong><\/div>\n<div align=\"justify\">Hotel Melillanca, Avenida Alemania N\u00b0675, Valdivia, Regi\u00f3n de Los R\u00edos<\/div>\n<div align=\"justify\">\u00a0<\/div>\n<div align=\"justify\">Para mayor informaci\u00f3n comunicarsese con:<\/div>\n<div align=\"justify\"><a href=\"mailto:veronica.vergara@mineduc.cl\"><span style=\"color: #0000ff;\">veronica.vergara@mineduc.cl<\/span><\/a><\/div>\n<div align=\"justify\"><a href=\"mailto:nicolas.derosas@mineduc.cl\"><span style=\"color: #0000ff;\">nicolas.derosas@mineduc.cl<\/span><\/a><\/div>\n<div align=\"justify\"><a href=\"mailto:gabriel.aranguiz@mineduc.cl\">gabriel.aranguiz@mineduc.cl<\/a><\/div>\n<div align=\"justify\">\u00a0<\/div>\n<\/td>\n<\/tr>\n<\/tbody>\n<\/table>\n<p>\u00a0<\/p>\n<p>\u00a0<span style=\"line-height: 1.3em;\">Fuente: Ministerio de Educaci\u00f3n. \u00a0<\/span><\/p>\n","protected":false},"excerpt":{"rendered":"<p>Entre los d\u00edas 3 y 5 de diciembre pr\u00f3ximo, se realizar\u00e1 el\u00a0Tercer\u00a0Congreso Nacional de Redes Pedag\u00f3gicas de directivos y docentes de Educaci\u00f3n de Personas J\u00f3venes y Adultas y la Segunda Jornada Nacional de Microcentros\u00a0que agrupan establecimientos educacionales en contextos de encierro. \u00a0 Ambos encuentros tienen\u00a0como prop\u00f3sito difundir y reflexionar sobre las pr\u00e1cticas e\u00a0innovaciones pedag\u00f3gicas y [&hellip;]<\/p>\n","protected":false},"author":1,"featured_media":123,"comment_status":"closed","ping_status":"closed","sticky":false,"template":"","format":"standard","meta":{"_et_pb_use_builder":"","_et_pb_old_content":"","_et_gb_content_width":"","_oasis_is_in_workflow":0,"_oasis_original":0,"footnotes":""},"categories":[45],"tags":[],"class_list":["post-125","post","type-post","status-publish","format-standard","has-post-thumbnail","hentry","category-event"],"_links":{"self":[{"href":"http:\/\/educaciondeadultos.cl\/web\/wp-json\/wp\/v2\/posts\/125","targetHints":{"allow":["GET"]}}],"collection":[{"href":"http:\/\/educaciondeadultos.cl\/web\/wp-json\/wp\/v2\/posts"}],"about":[{"href":"http:\/\/educaciondeadultos.cl\/web\/wp-json\/wp\/v2\/types\/post"}],"author":[{"embeddable":true,"href":"http:\/\/educaciondeadultos.cl\/web\/wp-json\/wp\/v2\/users\/1"}],"replies":[{"embeddable":true,"href":"http:\/\/educaciondeadultos.cl\/web\/wp-json\/wp\/v2\/comments?post=125"}],"version-history":[{"count":0,"href":"http:\/\/educaciondeadultos.cl\/web\/wp-json\/wp\/v2\/posts\/125\/revisions"}],"wp:featuredmedia":[{"embeddable":true,"href":"http:\/\/educaciondeadultos.cl\/web\/wp-json\/wp\/v2\/media\/123"}],"wp:attachment":[{"href":"http:\/\/educaciondeadultos.cl\/web\/wp-json\/wp\/v2\/media?parent=125"}],"wp:term":[{"taxonomy":"category","embeddable":true,"href":"http:\/\/educaciondeadultos.cl\/web\/wp-json\/wp\/v2\/categories?post=125"},{"taxonomy":"post_tag","embeddable":true,"href":"http:\/\/educaciondeadultos.cl\/web\/wp-json\/wp\/v2\/tags?post=125"}],"curies":[{"name":"wp","href":"https:\/\/api.w.org\/{rel}","templated":true}]}}