{"id":118,"date":"2014-11-17T21:59:03","date_gmt":"2014-11-18T00:59:03","guid":{"rendered":"http:\/\/educaciondeadultos.cl\/web\/2014\/11\/17\/upla-innova-al-vincular-a-la-familia-con-el-aprendizaje-de-los-estudiantes\/"},"modified":"2014-11-17T21:59:03","modified_gmt":"2014-11-18T00:59:03","slug":"upla-innova-al-vincular-a-la-familia-con-el-aprendizaje-de-los-estudiantes","status":"publish","type":"post","link":"http:\/\/educaciondeadultos.cl\/web\/2014\/11\/17\/upla-innova-al-vincular-a-la-familia-con-el-aprendizaje-de-los-estudiantes\/","title":{"rendered":"\u201cUPLA innova al vincular a la familia con el aprendizaje de los estudiantes\u201d"},"content":{"rendered":"<p><img loading=\"lazy\" decoding=\"async\" class=\" size-full wp-image-117\" src=\"http:\/\/educaciondeadultos.cl\/web\/wp-content\/uploads\/2014\/11\/3d9c691fd3a1e80f63a4a70c2a2e3155.jpg\" alt=\"\" width=\"300\" height=\"225\" \/><\/p>\n<p><strong><em>\u201cLo que esta casa de estudios est\u00e1 haciendo es muy innovador en la regi\u00f3n latinoamericana, pues no he visto en otras universidades que vinculen de manera tan pr\u00e1ctica a la familia con los procesos de aprendizaje en la escuela y en la misma universidad\u201d.<\/em><\/strong><\/p>\n<p style=\"text-align: justify;\">Fueron las palabras que manifest\u00f3 el\u00a0<strong>Dr. Emilio Coral, director de Cooperaci\u00f3n y Relaciones Interinstitucionales, del Centro de Cooperaci\u00f3n Regional para la Educaci\u00f3n de los Adultos en Am\u00e9rica Latina y el Caribe (CREFAL)<\/strong>, en cada una de las reuniones y talleres sostenidos en la Universidad de Playa Ancha, donde se encuentra apoyando el trabajo del \u00c1rea Familia del Convenio de Desempe\u00f1o en Formaci\u00f3n de Profesores.<\/p>\n<p style=\"text-align: justify;\">El\u00a0<strong>rector Patricio Sanhueza<\/strong>\u00a0tras dar la bienvenida al especialista mexicano, expres\u00f3 que la familia es el primer educador del individuo y su vinculaci\u00f3n con los procesos formativos de los hijos es cercana en la educaci\u00f3n escolar, pero se detiene al momento que ingresan a la educaci\u00f3n<a href=\"http:\/\/www.upla.cl\/convenio\/wp-content\/uploads\/2014\/11\/Dr-Emilio-Coral-y-Rector-Patricio-Sanhueza.jpg\" rel=\"lightbox[68136]\"><\/a>\u00a0superior. \u201cNuestra universidad tiene las capacidades para incorporar a los padres en el proceso de formaci\u00f3n profesional de sus hijos y est\u00e1 trabajando en integrar a la familias de los estudiantes de primer a\u00f1o de las carreras pedag\u00f3gicas en la vida universitaria\u201d.<\/p>\n<p style=\"text-align: justify;\">Con gran inter\u00e9s el Dr. Coral tom\u00f3 conocimiento de las cuatro \u00e1reas de vinculaci\u00f3n con la familia que, el\u00a0<strong>Convenio de Desempe\u00f1o en Formaci\u00f3n de Profesores, dirigido por la Dra. Marcela Lara<\/strong>, est\u00e1 ejecutando en 10 escuelas de la regi\u00f3n de Valpara\u00edso con altos niveles de vulnerabilidad y bajo rendimiento escolar.<\/p>\n<p style=\"text-align: justify;\">Proyecto de acompa\u00f1amiento a escuelas en metodolog\u00eda Mastery Learning, Curriculum del Hogar, Escuelas de Padres, Proped\u00e9utico con acompa\u00f1amiento a las familias de sus participantes y vinculaci\u00f3n de padres de estudiantes de primer a\u00f1o de carreras pedag\u00f3gicas, son las experiencias de la UPLA en actual desarrollo.<\/p>\n<p style=\"text-align: justify;\"><strong><span style=\"font-family: arial, helvetica, sans-serif; font-size: small;\">Desaf\u00edos<\/span><\/strong><\/p>\n<p style=\"text-align: justify;\"><a href=\"http:\/\/www.upla.cl\/convenio\/wp-content\/uploads\/2014\/11\/Equipo-rectoria-y-vicerrectoria-academica1.jpg\" rel=\"lightbox[68136]\"><\/a>El representante de CREFAL precis\u00f3 que lo que esta universidad est\u00e1 efectuando es muy meritorio y retador a la vez, \u201cporque el proceso de aprendizaje no depende s\u00f3lo de los padres, la escuela o la universidad\u201d.<\/p>\n<p style=\"text-align: justify;\">\u201cSe requiere abrir pautas de colaboraci\u00f3n interinstitucional, de manera que el sistema con sus diversos actores y recursos (intelectuales y econ\u00f3micos) funcionen integralmente, permitiendo al estudiante concluir su formaci\u00f3n. Es fundamental tener esta visi\u00f3n transversal para fortalecer el trabajo local que est\u00e1 realizando la universidad\u201d.<\/p>\n<p style=\"text-align: justify;\">Igualmente, dijo que es un reto incorporar a la familia pedag\u00f3gica del universitario en su proceso de formaci\u00f3n profesional, sin erosionar la autonom\u00eda, capacidad de desarrollo intelectual, autogesti\u00f3n y creatividad del joven.<\/p>\n<p style=\"text-align: justify;\">\u201cAbrir las puertas de esta casa de estudios a los padres de los universitarios posibilitar\u00e1 a los docentes conocer los contextos familiares de donde provienen y con ello podr\u00e1n armonizar de mejor forma el proceso de ense\u00f1anza, motivando a los j\u00f3venes a que contin\u00faen estudiando\u201d, enfatiz\u00f3 el experto mexicano.<\/p>\n<p style=\"text-align: justify;\">La Universidad de Playa Ancha mantiene un convenio de colaboraci\u00f3n con CREFAL, a trav\u00e9s del programa Disciplinario de Educaci\u00f3n de J\u00f3venes y Adultos de la Facultad de Ciencias de la Educaci\u00f3n.<\/p>\n<p style=\"text-align: justify;\">El organismo internacional aut\u00f3nomo otorga a la sociedad civil de los pa\u00edses de Am\u00e9rica Latina y el Caribe, propuestas y recomendaciones educativas pertinentes, que incidan en la creaci\u00f3n de pol\u00edticas p\u00fablicas inclusivas y formaci\u00f3n especializada, a trav\u00e9s de sus programas y proyectos estrat\u00e9gicos de formaci\u00f3n, investigaci\u00f3n y cooperaci\u00f3n.<\/p>\n<p style=\"text-align: justify;\">La presencia del Dr. Coral tanto en el campus Valpara\u00edso y San Felipe, tiene por objetivo capacitar a docentes y estudiantes de la UPLA, as\u00ed como a profesores del sistema escolar pertenecientes a las escuelas vinculadas al Plan de Mejoramiento Institucional, en las tem\u00e1ticas de la familia y los aprendizajes en torno a ella, vinculando el quehacer de la escuela, del hogar y la universidad.<\/p>\n<p style=\"text-align: justify;\">Fuente: Upla Noticias. Noviembre 2014.<\/p>\n","protected":false},"excerpt":{"rendered":"<p>\u201cLo que esta casa de estudios est\u00e1 haciendo es muy innovador en la regi\u00f3n latinoamericana, pues no he visto en otras universidades que vinculen de manera tan pr\u00e1ctica a la familia con los procesos de aprendizaje en la escuela y en la misma universidad\u201d. Fueron las palabras que manifest\u00f3 el\u00a0Dr. Emilio Coral, director de Cooperaci\u00f3n [&hellip;]<\/p>\n","protected":false},"author":1,"featured_media":117,"comment_status":"closed","ping_status":"closed","sticky":false,"template":"","format":"standard","meta":{"_et_pb_use_builder":"","_et_pb_old_content":"","_et_gb_content_width":"","_oasis_is_in_workflow":0,"_oasis_original":0,"footnotes":""},"categories":[45],"tags":[],"class_list":["post-118","post","type-post","status-publish","format-standard","has-post-thumbnail","hentry","category-event"],"_links":{"self":[{"href":"http:\/\/educaciondeadultos.cl\/web\/wp-json\/wp\/v2\/posts\/118","targetHints":{"allow":["GET"]}}],"collection":[{"href":"http:\/\/educaciondeadultos.cl\/web\/wp-json\/wp\/v2\/posts"}],"about":[{"href":"http:\/\/educaciondeadultos.cl\/web\/wp-json\/wp\/v2\/types\/post"}],"author":[{"embeddable":true,"href":"http:\/\/educaciondeadultos.cl\/web\/wp-json\/wp\/v2\/users\/1"}],"replies":[{"embeddable":true,"href":"http:\/\/educaciondeadultos.cl\/web\/wp-json\/wp\/v2\/comments?post=118"}],"version-history":[{"count":0,"href":"http:\/\/educaciondeadultos.cl\/web\/wp-json\/wp\/v2\/posts\/118\/revisions"}],"wp:featuredmedia":[{"embeddable":true,"href":"http:\/\/educaciondeadultos.cl\/web\/wp-json\/wp\/v2\/media\/117"}],"wp:attachment":[{"href":"http:\/\/educaciondeadultos.cl\/web\/wp-json\/wp\/v2\/media?parent=118"}],"wp:term":[{"taxonomy":"category","embeddable":true,"href":"http:\/\/educaciondeadultos.cl\/web\/wp-json\/wp\/v2\/categories?post=118"},{"taxonomy":"post_tag","embeddable":true,"href":"http:\/\/educaciondeadultos.cl\/web\/wp-json\/wp\/v2\/tags?post=118"}],"curies":[{"name":"wp","href":"https:\/\/api.w.org\/{rel}","templated":true}]}}